{"id":1075,"date":"2016-09-06T20:36:37","date_gmt":"2016-09-06T18:36:37","guid":{"rendered":"http:\/\/uppg.org\/wordpress\/?p=1075"},"modified":"2016-09-06T20:36:37","modified_gmt":"2016-09-06T18:36:37","slug":"journee-de-soleil-au-jardin","status":"publish","type":"post","link":"https:\/\/uppg.org\/wordpress\/?p=1075","title":{"rendered":"Journ\u00e9e de soleil au jardin"},"content":{"rendered":"<p>Les fins de semaines pr\u00e9c\u00e9dentes ont \u00e9t\u00e9 bien remplies avec toutes nos activit\u00e9s. Ce week-end, le soleil est de la partie et nous avons du temps pour aller au jardin.<\/p>\n<p><a href=\"https:\/\/uppg.org\/wordpress\/wp-content\/uploads\/2016\/09\/jardin_Corge_030916_DSC_6919-026_blog.jpg\"><img loading=\"lazy\" decoding=\"async\" src=\"https:\/\/uppg.org\/wordpress\/wp-content\/uploads\/2016\/09\/jardin_Corge_030916_DSC_6919-026_blog.jpg\" alt=\"jardin_Corge_030916_DSC_6919-026_blog\" width=\"1000\" height=\"563\" class=\"aligncenter size-full wp-image-1079\" srcset=\"https:\/\/uppg.org\/wordpress\/wp-content\/uploads\/2016\/09\/jardin_Corge_030916_DSC_6919-026_blog.jpg 1000w, https:\/\/uppg.org\/wordpress\/wp-content\/uploads\/2016\/09\/jardin_Corge_030916_DSC_6919-026_blog-300x169.jpg 300w, https:\/\/uppg.org\/wordpress\/wp-content\/uploads\/2016\/09\/jardin_Corge_030916_DSC_6919-026_blog-768x432.jpg 768w\" sizes=\"(max-width: 1000px) 100vw, 1000px\" \/><\/a><\/p>\n<p><a href=\"https:\/\/uppg.org\/wordpress\/wp-content\/uploads\/2016\/09\/jardin_Corge_030916_DSC_6931-038_blog.jpg\"><img loading=\"lazy\" decoding=\"async\" src=\"https:\/\/uppg.org\/wordpress\/wp-content\/uploads\/2016\/09\/jardin_Corge_030916_DSC_6931-038_blog.jpg\" alt=\"jardin_Corge_030916_DSC_6931-038_blog\" width=\"1000\" height=\"664\" class=\"aligncenter size-full wp-image-1078\" srcset=\"https:\/\/uppg.org\/wordpress\/wp-content\/uploads\/2016\/09\/jardin_Corge_030916_DSC_6931-038_blog.jpg 1000w, https:\/\/uppg.org\/wordpress\/wp-content\/uploads\/2016\/09\/jardin_Corge_030916_DSC_6931-038_blog-300x199.jpg 300w, https:\/\/uppg.org\/wordpress\/wp-content\/uploads\/2016\/09\/jardin_Corge_030916_DSC_6931-038_blog-768x510.jpg 768w\" sizes=\"(max-width: 1000px) 100vw, 1000px\" \/><\/a><\/p>\n<p>Les abeilles s\u2019en donnent \u00e0 c\u0153ur joie sur la <em>menthe<\/em> en fleurs.<\/p>\n<p>Dimanche nous avons fait le tour de l&rsquo;<em>\u00e9tang de Gru\u00e8re<\/em> entre deux ond\u00e9es.<\/p>\n<p><a href=\"https:\/\/uppg.org\/wordpress\/wp-content\/uploads\/2016\/09\/\u00e9tang_Gru\u00e8re_040916_DSC_6963-013_blog.jpg\"><img loading=\"lazy\" decoding=\"async\" src=\"https:\/\/uppg.org\/wordpress\/wp-content\/uploads\/2016\/09\/\u00e9tang_Gru\u00e8re_040916_DSC_6963-013_blog.jpg\" alt=\"\u00e9tang_Gru\u00e8re_040916_DSC_6963-013_blog\" width=\"1000\" height=\"664\" class=\"aligncenter size-full wp-image-1084\" srcset=\"https:\/\/uppg.org\/wordpress\/wp-content\/uploads\/2016\/09\/\u00e9tang_Gru\u00e8re_040916_DSC_6963-013_blog.jpg 1000w, https:\/\/uppg.org\/wordpress\/wp-content\/uploads\/2016\/09\/\u00e9tang_Gru\u00e8re_040916_DSC_6963-013_blog-300x199.jpg 300w, https:\/\/uppg.org\/wordpress\/wp-content\/uploads\/2016\/09\/\u00e9tang_Gru\u00e8re_040916_DSC_6963-013_blog-768x510.jpg 768w\" sizes=\"(max-width: 1000px) 100vw, 1000px\" \/><\/a><\/p>\n<p><a href=\"https:\/\/uppg.org\/wordpress\/wp-content\/uploads\/2016\/09\/\u00e9tang_Gru\u00e8re_040916_DSC_6992-042_blog.jpg\"><img loading=\"lazy\" decoding=\"async\" src=\"https:\/\/uppg.org\/wordpress\/wp-content\/uploads\/2016\/09\/\u00e9tang_Gru\u00e8re_040916_DSC_6992-042_blog.jpg\" alt=\"\u00e9tang_Gru\u00e8re_040916_DSC_6992-042_blog\" width=\"1000\" height=\"664\" class=\"aligncenter size-full wp-image-1082\" srcset=\"https:\/\/uppg.org\/wordpress\/wp-content\/uploads\/2016\/09\/\u00e9tang_Gru\u00e8re_040916_DSC_6992-042_blog.jpg 1000w, https:\/\/uppg.org\/wordpress\/wp-content\/uploads\/2016\/09\/\u00e9tang_Gru\u00e8re_040916_DSC_6992-042_blog-300x199.jpg 300w, https:\/\/uppg.org\/wordpress\/wp-content\/uploads\/2016\/09\/\u00e9tang_Gru\u00e8re_040916_DSC_6992-042_blog-768x510.jpg 768w\" sizes=\"(max-width: 1000px) 100vw, 1000px\" \/><\/a><\/p>\n<p>Voil\u00e0 l&rsquo;<em>\u00e9tang de Gru\u00e8re<\/em> avec un ciel gris.<\/p>\n<p>Ce vendredi, direction le <a href=\"http:\/\/www.chantdugros.ch\/\"><em>Chant du Gros<\/em><\/a> au Noirmont pour les concerts de <a href=\"http:\/\/www.deezer.com\/album\/7132905\"><em>Keziah Jones<\/em><\/a>, <a href=\"https:\/\/itunes.apple.com\/ch\/album\/alain-souchon-laurent-voulzy\/id927126645?l=fr\"><em>Alain Souchon &amp; Laurent Voulzy<\/em><\/a> durant la m\u00eame soir\u00e9e.<\/p>\n<p>A+<br \/>\npour les prochaines nouvelles<br \/>\nLePalou<\/p>\n","protected":false},"excerpt":{"rendered":"<p>Les fins de semaines pr\u00e9c\u00e9dentes ont \u00e9t\u00e9 bien remplies avec toutes nos activit\u00e9s. Ce week-end, le soleil est de la partie et nous avons du temps pour aller au jardin. Les abeilles s\u2019en donnent \u00e0 c\u0153ur joie sur la menthe en fleurs. Dimanche nous avons fait le tour de l&rsquo;\u00e9tang de Gru\u00e8re entre deux ond\u00e9es. [&hellip;]<\/p>\n","protected":false},"author":1,"featured_media":0,"comment_status":"open","ping_status":"open","sticky":false,"template":"","format":"standard","meta":{"footnotes":""},"categories":[4],"tags":[],"_links":{"self":[{"href":"https:\/\/uppg.org\/wordpress\/index.php?rest_route=\/wp\/v2\/posts\/1075"}],"collection":[{"href":"https:\/\/uppg.org\/wordpress\/index.php?rest_route=\/wp\/v2\/posts"}],"about":[{"href":"https:\/\/uppg.org\/wordpress\/index.php?rest_route=\/wp\/v2\/types\/post"}],"author":[{"embeddable":true,"href":"https:\/\/uppg.org\/wordpress\/index.php?rest_route=\/wp\/v2\/users\/1"}],"replies":[{"embeddable":true,"href":"https:\/\/uppg.org\/wordpress\/index.php?rest_route=%2Fwp%2Fv2%2Fcomments&post=1075"}],"version-history":[{"count":7,"href":"https:\/\/uppg.org\/wordpress\/index.php?rest_route=\/wp\/v2\/posts\/1075\/revisions"}],"predecessor-version":[{"id":1089,"href":"https:\/\/uppg.org\/wordpress\/index.php?rest_route=\/wp\/v2\/posts\/1075\/revisions\/1089"}],"wp:attachment":[{"href":"https:\/\/uppg.org\/wordpress\/index.php?rest_route=%2Fwp%2Fv2%2Fmedia&parent=1075"}],"wp:term":[{"taxonomy":"category","embeddable":true,"href":"https:\/\/uppg.org\/wordpress\/index.php?rest_route=%2Fwp%2Fv2%2Fcategories&post=1075"},{"taxonomy":"post_tag","embeddable":true,"href":"https:\/\/uppg.org\/wordpress\/index.php?rest_route=%2Fwp%2Fv2%2Ftags&post=1075"}],"curies":[{"name":"wp","href":"https:\/\/api.w.org\/{rel}","templated":true}]}}