{"id":1091,"date":"2016-09-16T19:59:10","date_gmt":"2016-09-16T17:59:10","guid":{"rendered":"http:\/\/uppg.org\/wordpress\/?p=1091"},"modified":"2016-09-23T23:07:07","modified_gmt":"2016-09-23T21:07:07","slug":"vendredi-au-chantdu","status":"publish","type":"post","link":"https:\/\/uppg.org\/wordpress\/?p=1091","title":{"rendered":"Vendredi au \u00abchantdu\u00bb"},"content":{"rendered":"<p>il y a quelques semaines c&rsquo;\u00e9tait le [Chant du Gros][1], j&rsquo;y suis all\u00e9 le vendredi soir. Une premi\u00e8re de la part des [CJ][2] les transports \u00e9taient offerts jusqu&rsquo;au <em>Noirmont<\/em> avec le billet du concert du jour. Bonne initiative pour d\u00e9sengorger les routes jusqu&rsquo;au <em>Noirmont<\/em>. Je me suis parqu\u00e9 aux <em>Reussilles<\/em>, mais pour le retour on est tributaire des transports publics.<\/p>\n<h3>Premier concert<\/h3>\n<p><strong>Keziah Jones<\/strong>, dans un style bien \u00e0 lui, il joue de la guitare comme de la basse et cela donne un son particulier.<\/p>\n<p>Juste un peu d\u00e9\u00e7u, je m&rsquo;attendais \u00e0 mieux, il semble qu&rsquo;il avait des soucis avec la sonorisation.<\/p>\n<p><a href=\"https:\/\/uppg.org\/wordpress\/wp-content\/uploads\/2016\/09\/Chant_du_Gros_090916_IMG_2913-015_blog.jpg\"><img loading=\"lazy\" decoding=\"async\" src=\"https:\/\/uppg.org\/wordpress\/wp-content\/uploads\/2016\/09\/Chant_du_Gros_090916_IMG_2913-015_blog.jpg\" alt=\"chant_du_gros_090916_img_2913-015_blog\" width=\"1000\" height=\"562\" class=\"aligncenter size-full wp-image-1099\" srcset=\"https:\/\/uppg.org\/wordpress\/wp-content\/uploads\/2016\/09\/Chant_du_Gros_090916_IMG_2913-015_blog.jpg 1000w, https:\/\/uppg.org\/wordpress\/wp-content\/uploads\/2016\/09\/Chant_du_Gros_090916_IMG_2913-015_blog-300x169.jpg 300w, https:\/\/uppg.org\/wordpress\/wp-content\/uploads\/2016\/09\/Chant_du_Gros_090916_IMG_2913-015_blog-768x432.jpg 768w\" sizes=\"(max-width: 1000px) 100vw, 1000px\" \/><\/a><\/p>\n<h3>Les stars de la soir\u00e9e<\/h3>\n<p><strong>Alain Souchon<\/strong> et <strong>Laurent Voulzy<\/strong>, qui travaillent ensemble depuis 40 ans, l&rsquo;un fait les paroles et l&rsquo;autre les arrangements musicaux, mais ils ont deux styles diff\u00e9rents.<\/p>\n<p>En 2014 il ont sorti un album ensemble et ils ont fait une tourn\u00e9e ensemble et chacun fait des reprises de ses anciens morceaux, <em>J&rsquo;ai dix ans<\/em>, <em>Foule sentimentale<\/em>, <em>Rockcollection<\/em>, <em>Belle-ile, Marie-Galante<\/em>, etc.<br \/>\nIls interpr\u00e8tent aussi leurs nouveaux chants.<\/p>\n<p><a href=\"https:\/\/uppg.org\/wordpress\/wp-content\/uploads\/2016\/09\/iPhone_090916_IMG_2316-037-1_blog.jpg\"><img loading=\"lazy\" decoding=\"async\" src=\"https:\/\/uppg.org\/wordpress\/wp-content\/uploads\/2016\/09\/iPhone_090916_IMG_2316-037-1_blog.jpg\" alt=\"iphone_090916_img_2316-037-1_blog\" width=\"1000\" height=\"563\" class=\"aligncenter size-full wp-image-1098\" srcset=\"https:\/\/uppg.org\/wordpress\/wp-content\/uploads\/2016\/09\/iPhone_090916_IMG_2316-037-1_blog.jpg 1000w, https:\/\/uppg.org\/wordpress\/wp-content\/uploads\/2016\/09\/iPhone_090916_IMG_2316-037-1_blog-300x169.jpg 300w, https:\/\/uppg.org\/wordpress\/wp-content\/uploads\/2016\/09\/iPhone_090916_IMG_2316-037-1_blog-768x432.jpg 768w\" sizes=\"(max-width: 1000px) 100vw, 1000px\" \/><\/a><\/p>\n<p>Le public chantait \u00e0 pleine voix les refrains et les couplets, c&rsquo;\u00e9tait beau.<\/p>\n<p><a href=\"https:\/\/uppg.org\/wordpress\/wp-content\/uploads\/2016\/09\/Chant_du_Gros_090916_IMG_2924-022_blog.jpg\"><img loading=\"lazy\" decoding=\"async\" src=\"https:\/\/uppg.org\/wordpress\/wp-content\/uploads\/2016\/09\/Chant_du_Gros_090916_IMG_2924-022_blog.jpg\" alt=\"chant_du_gros_090916_img_2924-022_blog\" width=\"1000\" height=\"562\" class=\"aligncenter size-full wp-image-1097\" srcset=\"https:\/\/uppg.org\/wordpress\/wp-content\/uploads\/2016\/09\/Chant_du_Gros_090916_IMG_2924-022_blog.jpg 1000w, https:\/\/uppg.org\/wordpress\/wp-content\/uploads\/2016\/09\/Chant_du_Gros_090916_IMG_2924-022_blog-300x169.jpg 300w, https:\/\/uppg.org\/wordpress\/wp-content\/uploads\/2016\/09\/Chant_du_Gros_090916_IMG_2924-022_blog-768x432.jpg 768w\" sizes=\"(max-width: 1000px) 100vw, 1000px\" \/><\/a><\/p>\n<p>Belle soir\u00e9e aussi au niveau de la m\u00e9t\u00e9o.<\/p>\n","protected":false},"excerpt":{"rendered":"<p>il y a quelques semaines c&rsquo;\u00e9tait le [Chant du Gros][1], j&rsquo;y suis all\u00e9 le vendredi soir. Une premi\u00e8re de la part des [CJ][2] les transports \u00e9taient offerts jusqu&rsquo;au Noirmont avec le billet du concert du jour. Bonne initiative pour d\u00e9sengorger les routes jusqu&rsquo;au Noirmont. Je me suis parqu\u00e9 aux Reussilles, mais pour le retour on [&hellip;]<\/p>\n","protected":false},"author":1,"featured_media":0,"comment_status":"open","ping_status":"open","sticky":false,"template":"","format":"standard","meta":{"footnotes":""},"categories":[21,12],"tags":[],"_links":{"self":[{"href":"https:\/\/uppg.org\/wordpress\/index.php?rest_route=\/wp\/v2\/posts\/1091"}],"collection":[{"href":"https:\/\/uppg.org\/wordpress\/index.php?rest_route=\/wp\/v2\/posts"}],"about":[{"href":"https:\/\/uppg.org\/wordpress\/index.php?rest_route=\/wp\/v2\/types\/post"}],"author":[{"embeddable":true,"href":"https:\/\/uppg.org\/wordpress\/index.php?rest_route=\/wp\/v2\/users\/1"}],"replies":[{"embeddable":true,"href":"https:\/\/uppg.org\/wordpress\/index.php?rest_route=%2Fwp%2Fv2%2Fcomments&post=1091"}],"version-history":[{"count":7,"href":"https:\/\/uppg.org\/wordpress\/index.php?rest_route=\/wp\/v2\/posts\/1091\/revisions"}],"predecessor-version":[{"id":1110,"href":"https:\/\/uppg.org\/wordpress\/index.php?rest_route=\/wp\/v2\/posts\/1091\/revisions\/1110"}],"wp:attachment":[{"href":"https:\/\/uppg.org\/wordpress\/index.php?rest_route=%2Fwp%2Fv2%2Fmedia&parent=1091"}],"wp:term":[{"taxonomy":"category","embeddable":true,"href":"https:\/\/uppg.org\/wordpress\/index.php?rest_route=%2Fwp%2Fv2%2Fcategories&post=1091"},{"taxonomy":"post_tag","embeddable":true,"href":"https:\/\/uppg.org\/wordpress\/index.php?rest_route=%2Fwp%2Fv2%2Ftags&post=1091"}],"curies":[{"name":"wp","href":"https:\/\/api.w.org\/{rel}","templated":true}]}}