{"id":1116,"date":"2016-10-09T22:58:08","date_gmt":"2016-10-09T20:58:08","guid":{"rendered":"http:\/\/uppg.org\/wordpress\/?p=1116"},"modified":"2016-10-10T20:29:51","modified_gmt":"2016-10-10T18:29:51","slug":"a-la-recherche-du-pain","status":"publish","type":"post","link":"https:\/\/uppg.org\/wordpress\/?p=1116","title":{"rendered":"A la recherche du pain"},"content":{"rendered":"<p>D\u00e9but octobre nous sommes partis \u00e0 la For\u00eat-Noire \u00e0 <em>St. Georgen am Schwarzwald<\/em>, petite ville \u00e0 800 m d&rsquo;altitude. Nous avons trouv\u00e9 une r\u00e9servation pas ch\u00e8re pour trois nuits.<\/p>\n<p><a href=\"https:\/\/uppg.org\/wordpress\/wp-content\/uploads\/2016\/10\/vac_StGeorgen_021016_IMG_2988-038_blog.jpg\"><img loading=\"lazy\" decoding=\"async\" src=\"https:\/\/uppg.org\/wordpress\/wp-content\/uploads\/2016\/10\/vac_StGeorgen_021016_IMG_2988-038_blog.jpg\" alt=\"vac_stgeorgen_021016_img_2988-038_blog\" width=\"1000\" height=\"667\" class=\"aligncenter size-full wp-image-1119\" srcset=\"https:\/\/uppg.org\/wordpress\/wp-content\/uploads\/2016\/10\/vac_StGeorgen_021016_IMG_2988-038_blog.jpg 1000w, https:\/\/uppg.org\/wordpress\/wp-content\/uploads\/2016\/10\/vac_StGeorgen_021016_IMG_2988-038_blog-300x200.jpg 300w, https:\/\/uppg.org\/wordpress\/wp-content\/uploads\/2016\/10\/vac_StGeorgen_021016_IMG_2988-038_blog-768x512.jpg 768w\" sizes=\"(max-width: 1000px) 100vw, 1000px\" \/><\/a><\/p>\n<p>Le lundi 3 octobre est f\u00e9ri\u00e9 et les magasins sont ferm\u00e9s dans toute l\u2019Allemagne \u00e0 l&rsquo;occasion de l\u2019anniversaire de la r\u00e9unification de la RDA et de la RFA.<\/p>\n<p>Simplement on avait oubli\u00e9 de prendre du pain avec nous, juste quelques <em>kn\u00e4ckebrot<\/em> au cas o\u00f9.<\/p>\n<p>Le lundi pas moyen de trouver une boulangerie, que des confiseries avec des tourtes et des g\u00e2teaux.<\/p>\n<p><a href=\"https:\/\/uppg.org\/wordpress\/wp-content\/uploads\/2016\/10\/vac_StGeorgen_041016_IMG_3055-103_blog.jpg\"><img loading=\"lazy\" decoding=\"async\" src=\"https:\/\/uppg.org\/wordpress\/wp-content\/uploads\/2016\/10\/vac_StGeorgen_041016_IMG_3055-103_blog.jpg\" alt=\"vac_stgeorgen_041016_img_3055-103_blog\" width=\"667\" height=\"1000\" class=\"aligncenter size-full wp-image-1125\" srcset=\"https:\/\/uppg.org\/wordpress\/wp-content\/uploads\/2016\/10\/vac_StGeorgen_041016_IMG_3055-103_blog.jpg 667w, https:\/\/uppg.org\/wordpress\/wp-content\/uploads\/2016\/10\/vac_StGeorgen_041016_IMG_3055-103_blog-200x300.jpg 200w\" sizes=\"(max-width: 667px) 100vw, 667px\" \/><\/a><\/p>\n<p>Comme les restaurants n&rsquo;\u00e9taient pas chers, on a mang\u00e9 dehors tous les soirs: chinois, grec, bosniaque et des glaces italiennes.<br \/>\nMais, ils ne servent pas de pain avec la salade. Mais un petit pouce-caf\u00e9 en guise de dessert, selon les pays. un <em>ouzo<\/em> grec, un <em>kirsch<\/em> allemand et&#8230; chinois j&rsquo;ai oubli\u00e9. On avait dix minutes de mont\u00e9e pour rentrer \u00e0 la maison pour \u00e9liminer les vapeurs de l&rsquo;alcool.<\/p>\n<p>Et surtout, on a rencontr\u00e9 des gens sympathiques.<\/p>\n<p>On a fait le tour d&rsquo;un lac \u00e0 <em>Sunthausen<\/em>, on s\u2019est balad\u00e9 dans une rue pav\u00e9e \u00e0 <em>Bad D\u00fcrrheim<\/em> et on n&rsquo;a pas r\u00e9ussi \u00e0 se parquer \u00e0 <em>Villingen<\/em>.<\/p>\n<p>Le lendemain, nous avons pris le train jusqu&rsquo;\u00e0 <em>Offenburg<\/em>, \u00e0 une heure de trajet de l\u00e0.<\/p>\n<p>La visite de la ville est sympa, pas tout \u00e0 fait zone pi\u00e9tonne on s\u2019est arr\u00eat\u00e9 pour \u00e9couter des musiciens de rue, boire un caf\u00e9, photographier des b\u00e2timents et des \u00e9glises.<\/p>\n<p><a href=\"https:\/\/uppg.org\/wordpress\/wp-content\/uploads\/2016\/10\/vac_StGeorgen_041016_DSC_7153-064_blog.jpg\"><img loading=\"lazy\" decoding=\"async\" src=\"https:\/\/uppg.org\/wordpress\/wp-content\/uploads\/2016\/10\/vac_StGeorgen_041016_DSC_7153-064_blog.jpg\" alt=\"vac_stgeorgen_041016_dsc_7153-064_blog\" width=\"1000\" height=\"563\" class=\"aligncenter size-full wp-image-1123\" srcset=\"https:\/\/uppg.org\/wordpress\/wp-content\/uploads\/2016\/10\/vac_StGeorgen_041016_DSC_7153-064_blog.jpg 1000w, https:\/\/uppg.org\/wordpress\/wp-content\/uploads\/2016\/10\/vac_StGeorgen_041016_DSC_7153-064_blog-300x169.jpg 300w, https:\/\/uppg.org\/wordpress\/wp-content\/uploads\/2016\/10\/vac_StGeorgen_041016_DSC_7153-064_blog-768x432.jpg 768w\" sizes=\"(max-width: 1000px) 100vw, 1000px\" \/><\/a><\/p>\n<p>Certains b\u00e2timents \u00e9taient trop grand, il d\u00e9bordait du cadre de mon objectif 18-105, alors j&rsquo;ai pris deux photos et je les assembl\u00e9es avec <em>Lightroom<\/em>, plus besoin de passer par <em>Photoshop<\/em> pour les montages.<\/p>\n<p><a href=\"https:\/\/uppg.org\/wordpress\/wp-content\/uploads\/2016\/10\/vac_StGeorgen_041016_DSC_7144-055-Panorama_blog.jpg\"><img loading=\"lazy\" decoding=\"async\" src=\"https:\/\/uppg.org\/wordpress\/wp-content\/uploads\/2016\/10\/vac_StGeorgen_041016_DSC_7144-055-Panorama_blog.jpg\" alt=\"vac_stgeorgen_041016_dsc_7144-055-panorama_blog\" width=\"1000\" height=\"365\" class=\"aligncenter size-full wp-image-1121\" srcset=\"https:\/\/uppg.org\/wordpress\/wp-content\/uploads\/2016\/10\/vac_StGeorgen_041016_DSC_7144-055-Panorama_blog.jpg 1000w, https:\/\/uppg.org\/wordpress\/wp-content\/uploads\/2016\/10\/vac_StGeorgen_041016_DSC_7144-055-Panorama_blog-300x110.jpg 300w, https:\/\/uppg.org\/wordpress\/wp-content\/uploads\/2016\/10\/vac_StGeorgen_041016_DSC_7144-055-Panorama_blog-768x280.jpg 768w\" sizes=\"(max-width: 1000px) 100vw, 1000px\" \/><\/a><\/p>\n<p>A+<\/p>\n<p>LePalou<\/p>\n<div class=\"footnotes\">\n<hr \/>\n<ol>\n<li id=\"fn-taxe\">\n<\/ol>\n<\/div>\n","protected":false},"excerpt":{"rendered":"<p>D\u00e9but octobre nous sommes partis \u00e0 la For\u00eat-Noire \u00e0 St. Georgen am Schwarzwald, petite ville \u00e0 800 m d&rsquo;altitude. Nous avons trouv\u00e9 une r\u00e9servation pas ch\u00e8re pour trois nuits. Le lundi 3 octobre est f\u00e9ri\u00e9 et les magasins sont ferm\u00e9s dans toute l\u2019Allemagne \u00e0 l&rsquo;occasion de l\u2019anniversaire de la r\u00e9unification de la RDA et de [&hellip;]<\/p>\n","protected":false},"author":1,"featured_media":0,"comment_status":"open","ping_status":"open","sticky":false,"template":"","format":"standard","meta":{"footnotes":""},"categories":[4,12],"tags":[],"_links":{"self":[{"href":"https:\/\/uppg.org\/wordpress\/index.php?rest_route=\/wp\/v2\/posts\/1116"}],"collection":[{"href":"https:\/\/uppg.org\/wordpress\/index.php?rest_route=\/wp\/v2\/posts"}],"about":[{"href":"https:\/\/uppg.org\/wordpress\/index.php?rest_route=\/wp\/v2\/types\/post"}],"author":[{"embeddable":true,"href":"https:\/\/uppg.org\/wordpress\/index.php?rest_route=\/wp\/v2\/users\/1"}],"replies":[{"embeddable":true,"href":"https:\/\/uppg.org\/wordpress\/index.php?rest_route=%2Fwp%2Fv2%2Fcomments&post=1116"}],"version-history":[{"count":19,"href":"https:\/\/uppg.org\/wordpress\/index.php?rest_route=\/wp\/v2\/posts\/1116\/revisions"}],"predecessor-version":[{"id":1144,"href":"https:\/\/uppg.org\/wordpress\/index.php?rest_route=\/wp\/v2\/posts\/1116\/revisions\/1144"}],"wp:attachment":[{"href":"https:\/\/uppg.org\/wordpress\/index.php?rest_route=%2Fwp%2Fv2%2Fmedia&parent=1116"}],"wp:term":[{"taxonomy":"category","embeddable":true,"href":"https:\/\/uppg.org\/wordpress\/index.php?rest_route=%2Fwp%2Fv2%2Fcategories&post=1116"},{"taxonomy":"post_tag","embeddable":true,"href":"https:\/\/uppg.org\/wordpress\/index.php?rest_route=%2Fwp%2Fv2%2Ftags&post=1116"}],"curies":[{"name":"wp","href":"https:\/\/api.w.org\/{rel}","templated":true}]}}