{"id":1157,"date":"2016-12-10T14:05:21","date_gmt":"2016-12-10T13:05:21","guid":{"rendered":"http:\/\/uppg.org\/wordpress\/?p=1157"},"modified":"2016-12-12T21:26:35","modified_gmt":"2016-12-12T20:26:35","slug":"enseignes-lumineuses-ou-pas","status":"publish","type":"post","link":"https:\/\/uppg.org\/wordpress\/?p=1157","title":{"rendered":"Enseignes lumineuses ou pas!"},"content":{"rendered":"<p>Avec le retour de l\u2019<em>heure d\u2019hiver<\/em>, les enseignes lumineuses des magasins s\u2019allument plus rapidement dans l\u2019apr\u00e8s-midi ou pas.<\/p>\n<p>Cette ann\u00e9e encore, je traque les ampoules faiblardes ou \u00e9teintes pour les ajouter \u00e0 ma collection.<\/p>\n<p>Pour certaines marques c\u2019est un jeu contre la montre entre le moment o\u00f9 je vois une enseigne \u00e9teinte et le moment o\u00f9 je peux la photographier. Le but est d\u2019arriver avant que le <strong>service d\u2019entretien<\/strong> fasse son boulot, pas toujours facile pour les noms prestigieux.<\/p>\n<p>Voici quelques exemples de ces derni\u00e8res semaines<\/p>\n<p><a href=\"https:\/\/uppg.org\/wordpress\/wp-content\/uploads\/2016\/12\/Hotel_Elite_011116_IMG_3194_DxO-003_blog.jpg\"><img loading=\"lazy\" decoding=\"async\" src=\"https:\/\/uppg.org\/wordpress\/wp-content\/uploads\/2016\/12\/Hotel_Elite_011116_IMG_3194_DxO-003_blog.jpg\" alt=\"hotel_elite_011116_img_3194_dxo-003_blog\" width=\"1000\" height=\"667\" class=\"aligncenter size-full wp-image-1160\" srcset=\"https:\/\/uppg.org\/wordpress\/wp-content\/uploads\/2016\/12\/Hotel_Elite_011116_IMG_3194_DxO-003_blog.jpg 1000w, https:\/\/uppg.org\/wordpress\/wp-content\/uploads\/2016\/12\/Hotel_Elite_011116_IMG_3194_DxO-003_blog-300x200.jpg 300w, https:\/\/uppg.org\/wordpress\/wp-content\/uploads\/2016\/12\/Hotel_Elite_011116_IMG_3194_DxO-003_blog-768x512.jpg 768w\" sizes=\"(max-width: 1000px) 100vw, 1000px\" \/><\/a><\/p>\n<p><a href=\"https:\/\/uppg.org\/wordpress\/wp-content\/uploads\/2016\/12\/Enseigne_171116_DSC_7299-016_blog.jpg\"><img loading=\"lazy\" decoding=\"async\" src=\"https:\/\/uppg.org\/wordpress\/wp-content\/uploads\/2016\/12\/Enseigne_171116_DSC_7299-016_blog.jpg\" alt=\"enseigne_171116_dsc_7299-016_blog\" width=\"1000\" height=\"562\" class=\"aligncenter size-full wp-image-1159\" srcset=\"https:\/\/uppg.org\/wordpress\/wp-content\/uploads\/2016\/12\/Enseigne_171116_DSC_7299-016_blog.jpg 1000w, https:\/\/uppg.org\/wordpress\/wp-content\/uploads\/2016\/12\/Enseigne_171116_DSC_7299-016_blog-300x169.jpg 300w, https:\/\/uppg.org\/wordpress\/wp-content\/uploads\/2016\/12\/Enseigne_171116_DSC_7299-016_blog-768x432.jpg 768w\" sizes=\"(max-width: 1000px) 100vw, 1000px\" \/><\/a><\/p>\n<p>et le reste est \u00e0 voir dans l\u2019album <a href=\"http:\/\/www.uppg.org\/koken\/albums\/lumineux-ou-pas\/\"><strong>Lumineux ou pas<\/strong><\/a>.<\/p>\n<p>Savez-vous qu\u2019\u00e0 Bienne, \u00e0 la rue de la Gare, \u00e0 la rue du Jura, au Faubourg du Jura, etc. il y a des b\u00e2timents qui portent des noms?<\/p>\n<p><a href=\"https:\/\/uppg.org\/wordpress\/wp-content\/uploads\/2016\/12\/Bienne_201116_DSC_7336-014_blog.jpg\"><img loading=\"lazy\" decoding=\"async\" src=\"https:\/\/uppg.org\/wordpress\/wp-content\/uploads\/2016\/12\/Bienne_201116_DSC_7336-014_blog.jpg\" alt=\"bienne_201116_dsc_7336-014_blog\" width=\"664\" height=\"1000\" class=\"aligncenter size-full wp-image-1173\" srcset=\"https:\/\/uppg.org\/wordpress\/wp-content\/uploads\/2016\/12\/Bienne_201116_DSC_7336-014_blog.jpg 664w, https:\/\/uppg.org\/wordpress\/wp-content\/uploads\/2016\/12\/Bienne_201116_DSC_7336-014_blog-199x300.jpg 199w\" sizes=\"(max-width: 664px) 100vw, 664px\" \/><\/a><\/p>\n<p><a href=\"https:\/\/uppg.org\/wordpress\/wp-content\/uploads\/2016\/12\/Bienne_201116_DSC_7332-010_blog.jpg\"><img loading=\"lazy\" decoding=\"async\" src=\"https:\/\/uppg.org\/wordpress\/wp-content\/uploads\/2016\/12\/Bienne_201116_DSC_7332-010_blog.jpg\" alt=\"bienne_201116_dsc_7332-010_blog\" width=\"1000\" height=\"664\" class=\"aligncenter size-full wp-image-1172\" srcset=\"https:\/\/uppg.org\/wordpress\/wp-content\/uploads\/2016\/12\/Bienne_201116_DSC_7332-010_blog.jpg 1000w, https:\/\/uppg.org\/wordpress\/wp-content\/uploads\/2016\/12\/Bienne_201116_DSC_7332-010_blog-300x199.jpg 300w, https:\/\/uppg.org\/wordpress\/wp-content\/uploads\/2016\/12\/Bienne_201116_DSC_7332-010_blog-768x510.jpg 768w\" sizes=\"(max-width: 1000px) 100vw, 1000px\" \/><\/a><\/p>\n<p>En voici quelques-uns \u00e0 d\u00e9couvrir prochainement dans l\u2019album <strong>Immeubles<\/strong><\/p>\n<p>Si quelqu\u2019un a des informations sur ces b\u00e2timents, il peut prendre contact avec moi, je serais int\u00e9ress\u00e9 d\u2019en conna\u00eetre l\u2019histoire.<\/p>\n<p>A+<\/p>\n<p>LePalou<\/p>\n","protected":false},"excerpt":{"rendered":"<p>Avec le retour de l\u2019heure d\u2019hiver, les enseignes lumineuses des magasins s\u2019allument plus rapidement dans l\u2019apr\u00e8s-midi ou pas. Cette ann\u00e9e encore, je traque les ampoules faiblardes ou \u00e9teintes pour les ajouter \u00e0 ma collection. Pour certaines marques c\u2019est un jeu contre la montre entre le moment o\u00f9 je vois une enseigne \u00e9teinte et le moment [&hellip;]<\/p>\n","protected":false},"author":1,"featured_media":0,"comment_status":"open","ping_status":"open","sticky":false,"template":"","format":"standard","meta":{"footnotes":""},"categories":[6,12],"tags":[],"_links":{"self":[{"href":"https:\/\/uppg.org\/wordpress\/index.php?rest_route=\/wp\/v2\/posts\/1157"}],"collection":[{"href":"https:\/\/uppg.org\/wordpress\/index.php?rest_route=\/wp\/v2\/posts"}],"about":[{"href":"https:\/\/uppg.org\/wordpress\/index.php?rest_route=\/wp\/v2\/types\/post"}],"author":[{"embeddable":true,"href":"https:\/\/uppg.org\/wordpress\/index.php?rest_route=\/wp\/v2\/users\/1"}],"replies":[{"embeddable":true,"href":"https:\/\/uppg.org\/wordpress\/index.php?rest_route=%2Fwp%2Fv2%2Fcomments&post=1157"}],"version-history":[{"count":14,"href":"https:\/\/uppg.org\/wordpress\/index.php?rest_route=\/wp\/v2\/posts\/1157\/revisions"}],"predecessor-version":[{"id":1175,"href":"https:\/\/uppg.org\/wordpress\/index.php?rest_route=\/wp\/v2\/posts\/1157\/revisions\/1175"}],"wp:attachment":[{"href":"https:\/\/uppg.org\/wordpress\/index.php?rest_route=%2Fwp%2Fv2%2Fmedia&parent=1157"}],"wp:term":[{"taxonomy":"category","embeddable":true,"href":"https:\/\/uppg.org\/wordpress\/index.php?rest_route=%2Fwp%2Fv2%2Fcategories&post=1157"},{"taxonomy":"post_tag","embeddable":true,"href":"https:\/\/uppg.org\/wordpress\/index.php?rest_route=%2Fwp%2Fv2%2Ftags&post=1157"}],"curies":[{"name":"wp","href":"https:\/\/api.w.org\/{rel}","templated":true}]}}