{"id":12,"date":"2013-04-14T08:26:38","date_gmt":"2013-04-14T06:26:38","guid":{"rendered":"http:\/\/uppg.org\/wordpress\/?p=12"},"modified":"2013-06-01T16:28:44","modified_gmt":"2013-06-01T14:28:44","slug":"petite-escapade-au-jardin","status":"publish","type":"post","link":"https:\/\/uppg.org\/wordpress\/?p=12","title":{"rendered":"Petite escapade au jardin"},"content":{"rendered":"<p>Nous sommes au printemps, normalement on va vers le beau temps, mais en cette p\u00e9riode il y a plus de jours de pluie et de grisaille que de beau.<br \/>\nJeudi on a profit\u00e9 de d\u00e9sherber le coin des framboisiers et de couper court \u00e0 la floraison des pissenlits.<br \/>\n<!--more-->Mais avant tout cela, je fais un tour du jardin avec mon outil de photographe: j&rsquo;ai rep\u00e9r\u00e9 une coccinelle sur un myrtillier.<\/p>\n<div id=\"attachment_29\" style=\"width: 1010px\" class=\"wp-caption aligncenter\"><a href=\"https:\/\/uppg.org\/wordpress\/?attachment_id=29#main\" rel=\"attachment wp-att-29\"><img loading=\"lazy\" decoding=\"async\" aria-describedby=\"caption-attachment-29\" class=\"size-full wp-image-29\" alt=\"\u00a9 2013 Patvaurick\" src=\"https:\/\/uppg.org\/wordpress\/wp-content\/uploads\/2013\/06\/Jardin_Corge_25042013_DSC_8360-3_blog1.jpg\" width=\"1000\" height=\"665\" srcset=\"https:\/\/uppg.org\/wordpress\/wp-content\/uploads\/2013\/06\/Jardin_Corge_25042013_DSC_8360-3_blog1.jpg 1000w, https:\/\/uppg.org\/wordpress\/wp-content\/uploads\/2013\/06\/Jardin_Corge_25042013_DSC_8360-3_blog1-300x199.jpg 300w\" sizes=\"(max-width: 1000px) 100vw, 1000px\" \/><\/a><p id=\"caption-attachment-29\" class=\"wp-caption-text\">la coccinelle<\/p><\/div>\n<p>La nature a deux ou trois semaines de retard par rapport \u00e0 l&rsquo;ann\u00e9e pass\u00e9e.<\/p>\n<p>Malgr\u00e9 la pluie et froid de samedi, les arbres se parent de vert.<\/p>\n<p>\u00c0 plus<br \/>\nLePalou<\/p>\n<p>&nbsp;<\/p>\n","protected":false},"excerpt":{"rendered":"<p>Nous sommes au printemps, normalement on va vers le beau temps, mais en cette p\u00e9riode il y a plus de jours de pluie et de grisaille que de beau. Jeudi on a profit\u00e9 de d\u00e9sherber le coin des framboisiers et de couper court \u00e0 la floraison des pissenlits.<\/p>\n","protected":false},"author":1,"featured_media":0,"comment_status":"open","ping_status":"open","sticky":false,"template":"","format":"standard","meta":{"footnotes":""},"categories":[26,12],"tags":[11],"_links":{"self":[{"href":"https:\/\/uppg.org\/wordpress\/index.php?rest_route=\/wp\/v2\/posts\/12"}],"collection":[{"href":"https:\/\/uppg.org\/wordpress\/index.php?rest_route=\/wp\/v2\/posts"}],"about":[{"href":"https:\/\/uppg.org\/wordpress\/index.php?rest_route=\/wp\/v2\/types\/post"}],"author":[{"embeddable":true,"href":"https:\/\/uppg.org\/wordpress\/index.php?rest_route=\/wp\/v2\/users\/1"}],"replies":[{"embeddable":true,"href":"https:\/\/uppg.org\/wordpress\/index.php?rest_route=%2Fwp%2Fv2%2Fcomments&post=12"}],"version-history":[{"count":8,"href":"https:\/\/uppg.org\/wordpress\/index.php?rest_route=\/wp\/v2\/posts\/12\/revisions"}],"predecessor-version":[{"id":45,"href":"https:\/\/uppg.org\/wordpress\/index.php?rest_route=\/wp\/v2\/posts\/12\/revisions\/45"}],"wp:attachment":[{"href":"https:\/\/uppg.org\/wordpress\/index.php?rest_route=%2Fwp%2Fv2%2Fmedia&parent=12"}],"wp:term":[{"taxonomy":"category","embeddable":true,"href":"https:\/\/uppg.org\/wordpress\/index.php?rest_route=%2Fwp%2Fv2%2Fcategories&post=12"},{"taxonomy":"post_tag","embeddable":true,"href":"https:\/\/uppg.org\/wordpress\/index.php?rest_route=%2Fwp%2Fv2%2Ftags&post=12"}],"curies":[{"name":"wp","href":"https:\/\/api.w.org\/{rel}","templated":true}]}}