{"id":1274,"date":"2017-05-15T21:33:55","date_gmt":"2017-05-15T19:33:55","guid":{"rendered":"http:\/\/uppg.org\/wordpress\/?p=1274"},"modified":"2017-05-18T22:20:21","modified_gmt":"2017-05-18T20:20:21","slug":"vue-sur-le-schilt","status":"publish","type":"post","link":"https:\/\/uppg.org\/wordpress\/?p=1274","title":{"rendered":"Vue sur Le Schilt"},"content":{"rendered":"<p>Le <strong>Schilt<\/strong>, c&rsquo;est la montagne juste en face de chez moi qui me sert de r\u00e9f\u00e9rence pour m&rsquo;habiller.<\/p>\n<blockquote><p>\n  Tant qu&rsquo;il y a de la neige sur <em>le Schilt<\/em>, il faut mettre une veste.\n<\/p><\/blockquote>\n<p>Voil\u00e0 quelques photos prises ses derniers temps avec de la neige, de cette montagne mythique. Il y a m\u00eame un chemin balis\u00e9 pour monter l\u00e0-haut, image tir\u00e9e de l&rsquo;Echo du Bas-Vallon.<br \/>\nOui j&rsquo;ai un train de retard, il fait chaud je mets des photos avec de la neige et le froid revient et c&rsquo;est des photos avec des orages&#8230; mais \u00e0 voir cela ne g\u00eane pas mes trois ou quatre lecteurs occasionnels, soyons optimiste, vu que je me suis jamais fait enguirland\u00e9.<\/p>\n<p><a href=\"https:\/\/uppg.org\/wordpress\/wp-content\/uploads\/2017\/05\/Neige_avril_260417_IMG_3789-002_pav_blog.jpg\"><img loading=\"lazy\" decoding=\"async\" src=\"https:\/\/uppg.org\/wordpress\/wp-content\/uploads\/2017\/05\/Neige_avril_260417_IMG_3789-002_pav_blog.jpg\" alt=\"\" width=\"1000\" height=\"563\" class=\"aligncenter size-full wp-image-1276\" srcset=\"https:\/\/uppg.org\/wordpress\/wp-content\/uploads\/2017\/05\/Neige_avril_260417_IMG_3789-002_pav_blog.jpg 1000w, https:\/\/uppg.org\/wordpress\/wp-content\/uploads\/2017\/05\/Neige_avril_260417_IMG_3789-002_pav_blog-300x169.jpg 300w, https:\/\/uppg.org\/wordpress\/wp-content\/uploads\/2017\/05\/Neige_avril_260417_IMG_3789-002_pav_blog-768x432.jpg 768w\" sizes=\"(max-width: 1000px) 100vw, 1000px\" \/><\/a><\/p>\n<p><a href=\"https:\/\/uppg.org\/wordpress\/wp-content\/uploads\/2017\/05\/Soir_190317_DSC_7639-004_blog.jpg\"><img loading=\"lazy\" decoding=\"async\" src=\"https:\/\/uppg.org\/wordpress\/wp-content\/uploads\/2017\/05\/Soir_190317_DSC_7639-004_blog.jpg\" alt=\"\" width=\"1000\" height=\"562\" class=\"aligncenter size-full wp-image-1280\" srcset=\"https:\/\/uppg.org\/wordpress\/wp-content\/uploads\/2017\/05\/Soir_190317_DSC_7639-004_blog.jpg 1000w, https:\/\/uppg.org\/wordpress\/wp-content\/uploads\/2017\/05\/Soir_190317_DSC_7639-004_blog-300x169.jpg 300w, https:\/\/uppg.org\/wordpress\/wp-content\/uploads\/2017\/05\/Soir_190317_DSC_7639-004_blog-768x432.jpg 768w\" sizes=\"(max-width: 1000px) 100vw, 1000px\" \/><\/a><\/p>\n<p><a href=\"https:\/\/uppg.org\/wordpress\/wp-content\/uploads\/2017\/05\/Soir_190317_DSC_7637-002_blog.jpg\"><img loading=\"lazy\" decoding=\"async\" src=\"https:\/\/uppg.org\/wordpress\/wp-content\/uploads\/2017\/05\/Soir_190317_DSC_7637-002_blog.jpg\" alt=\"\" width=\"1000\" height=\"562\" class=\"aligncenter size-full wp-image-1281\" srcset=\"https:\/\/uppg.org\/wordpress\/wp-content\/uploads\/2017\/05\/Soir_190317_DSC_7637-002_blog.jpg 1000w, https:\/\/uppg.org\/wordpress\/wp-content\/uploads\/2017\/05\/Soir_190317_DSC_7637-002_blog-300x169.jpg 300w, https:\/\/uppg.org\/wordpress\/wp-content\/uploads\/2017\/05\/Soir_190317_DSC_7637-002_blog-768x432.jpg 768w\" sizes=\"(max-width: 1000px) 100vw, 1000px\" \/><\/a><\/p>\n<div id=\"attachment_1285\" style=\"width: 2089px\" class=\"wp-caption aligncenter\"><a href=\"https:\/\/uppg.org\/wordpress\/wp-content\/uploads\/2017\/05\/Echo-du-bas-vallon-Schilt-2.jpg\"><img loading=\"lazy\" decoding=\"async\" aria-describedby=\"caption-attachment-1285\" src=\"https:\/\/uppg.org\/wordpress\/wp-content\/uploads\/2017\/05\/Echo-du-bas-vallon-Schilt-2.jpg\" alt=\"\" width=\"2079\" height=\"2249\" class=\"size-full wp-image-1285\" srcset=\"https:\/\/uppg.org\/wordpress\/wp-content\/uploads\/2017\/05\/Echo-du-bas-vallon-Schilt-2.jpg 2079w, https:\/\/uppg.org\/wordpress\/wp-content\/uploads\/2017\/05\/Echo-du-bas-vallon-Schilt-2-277x300.jpg 277w, https:\/\/uppg.org\/wordpress\/wp-content\/uploads\/2017\/05\/Echo-du-bas-vallon-Schilt-2-768x831.jpg 768w, https:\/\/uppg.org\/wordpress\/wp-content\/uploads\/2017\/05\/Echo-du-bas-vallon-Schilt-2-947x1024.jpg 947w\" sizes=\"(max-width: 2079px) 100vw, 2079px\" \/><\/a><p id=\"caption-attachment-1285\" class=\"wp-caption-text\">Image tir\u00e9e de l&rsquo;Echo du Bas-Vallon, 4.5.2017<\/p><\/div>\n<p>et sans neige, mais avec l&rsquo;orage qui gronde&#8230;<\/p>\n<div id=\"attachment_1296\" style=\"width: 676px\" class=\"wp-caption aligncenter\"><a href=\"https:\/\/uppg.org\/wordpress\/wp-content\/uploads\/2017\/05\/nuage_180517_IMG_3935-030_pav_blog.jpg\"><img loading=\"lazy\" decoding=\"async\" aria-describedby=\"caption-attachment-1296\" src=\"https:\/\/uppg.org\/wordpress\/wp-content\/uploads\/2017\/05\/nuage_180517_IMG_3935-030_pav_blog.jpg\" alt=\"\" width=\"666\" height=\"1000\" class=\"size-full wp-image-1296\" srcset=\"https:\/\/uppg.org\/wordpress\/wp-content\/uploads\/2017\/05\/nuage_180517_IMG_3935-030_pav_blog.jpg 666w, https:\/\/uppg.org\/wordpress\/wp-content\/uploads\/2017\/05\/nuage_180517_IMG_3935-030_pav_blog-200x300.jpg 200w\" sizes=\"(max-width: 666px) 100vw, 666px\" \/><\/a><p id=\"caption-attachment-1296\" class=\"wp-caption-text\">Avant l&rsquo;orage<\/p><\/div>\n<p>A+<\/p>\n<p>LePalou<\/p>\n","protected":false},"excerpt":{"rendered":"<p>Le Schilt, c&rsquo;est la montagne juste en face de chez moi qui me sert de r\u00e9f\u00e9rence pour m&rsquo;habiller. Tant qu&rsquo;il y a de la neige sur le Schilt, il faut mettre une veste. Voil\u00e0 quelques photos prises ses derniers temps avec de la neige, de cette montagne mythique. Il y a m\u00eame un chemin balis\u00e9 [&hellip;]<\/p>\n","protected":false},"author":1,"featured_media":0,"comment_status":"open","ping_status":"open","sticky":false,"template":"","format":"standard","meta":{"footnotes":""},"categories":[12,31],"tags":[],"_links":{"self":[{"href":"https:\/\/uppg.org\/wordpress\/index.php?rest_route=\/wp\/v2\/posts\/1274"}],"collection":[{"href":"https:\/\/uppg.org\/wordpress\/index.php?rest_route=\/wp\/v2\/posts"}],"about":[{"href":"https:\/\/uppg.org\/wordpress\/index.php?rest_route=\/wp\/v2\/types\/post"}],"author":[{"embeddable":true,"href":"https:\/\/uppg.org\/wordpress\/index.php?rest_route=\/wp\/v2\/users\/1"}],"replies":[{"embeddable":true,"href":"https:\/\/uppg.org\/wordpress\/index.php?rest_route=%2Fwp%2Fv2%2Fcomments&post=1274"}],"version-history":[{"count":21,"href":"https:\/\/uppg.org\/wordpress\/index.php?rest_route=\/wp\/v2\/posts\/1274\/revisions"}],"predecessor-version":[{"id":1302,"href":"https:\/\/uppg.org\/wordpress\/index.php?rest_route=\/wp\/v2\/posts\/1274\/revisions\/1302"}],"wp:attachment":[{"href":"https:\/\/uppg.org\/wordpress\/index.php?rest_route=%2Fwp%2Fv2%2Fmedia&parent=1274"}],"wp:term":[{"taxonomy":"category","embeddable":true,"href":"https:\/\/uppg.org\/wordpress\/index.php?rest_route=%2Fwp%2Fv2%2Fcategories&post=1274"},{"taxonomy":"post_tag","embeddable":true,"href":"https:\/\/uppg.org\/wordpress\/index.php?rest_route=%2Fwp%2Fv2%2Ftags&post=1274"}],"curies":[{"name":"wp","href":"https:\/\/api.w.org\/{rel}","templated":true}]}}