{"id":1369,"date":"2017-08-30T20:26:36","date_gmt":"2017-08-30T18:26:36","guid":{"rendered":"http:\/\/uppg.org\/wordpress\/?p=1369"},"modified":"2017-08-30T20:26:36","modified_gmt":"2017-08-30T18:26:36","slug":"concerts-a-bienne","status":"publish","type":"post","link":"https:\/\/uppg.org\/wordpress\/?p=1369","title":{"rendered":"Concerts \u00e0 Bienne"},"content":{"rendered":"<p>Voici les concerts auxquels j&rsquo;ai assist\u00e9 \u00e0 Bienne pendant l&rsquo;\u00e9t\u00e9, <a href=\"candydulfer.nl\">Candy Dulfer<\/a> \u00e0 la <strong>Braderie<\/strong>, <a href=\"http:\/\/electricswingcircus.com\">Electric Swing Circus<\/a> \u00e0 <strong>Podring<\/strong> en vieille ville de Bienne et <a href=\"https:\/\/de.wikipedia.org\/wiki\/Philipp_Fankhauser\">Philippe Fankhauser<\/a> \u00e0 la <strong>place Guisan<\/strong> \u00e0 Bienne.<\/p>\n<p><a href=\"https:\/\/uppg.org\/wordpress\/wp-content\/uploads\/2017\/08\/Podring_IMG_1094-007_pav_blog.jpg\"><img loading=\"lazy\" decoding=\"async\" src=\"https:\/\/uppg.org\/wordpress\/wp-content\/uploads\/2017\/08\/Podring_IMG_1094-007_pav_blog.jpg\" alt=\"\" width=\"667\" height=\"1000\" class=\"aligncenter size-full wp-image-1376\" srcset=\"https:\/\/uppg.org\/wordpress\/wp-content\/uploads\/2017\/08\/Podring_IMG_1094-007_pav_blog.jpg 667w, https:\/\/uppg.org\/wordpress\/wp-content\/uploads\/2017\/08\/Podring_IMG_1094-007_pav_blog-200x300.jpg 200w\" sizes=\"(max-width: 667px) 100vw, 667px\" \/><\/a><\/p>\n<p><a href=\"https:\/\/uppg.org\/wordpress\/wp-content\/uploads\/2017\/08\/concert_IMG_1173-002_pav_blog.jpg\"><img loading=\"lazy\" decoding=\"async\" src=\"https:\/\/uppg.org\/wordpress\/wp-content\/uploads\/2017\/08\/concert_IMG_1173-002_pav_blog.jpg\" alt=\"\" width=\"1000\" height=\"563\" class=\"aligncenter size-full wp-image-1372\" \/><\/a><\/p>\n<p>Et voici quelques <a href=\"http:\/\/www.uppg.org\/koken\/albums\/concerts\/\"><em>photos<\/em><\/a> de ses moments et des concerts pr\u00e9c\u00e9dents.<\/p>\n<blockquote><p>\n  Je r\u00e9fl\u00e9chis encore si je vais au <a href=\"http:\/\/www.chantdugros.ch\/fr\/programme\/programme\">Chant du Gros<\/a>, au Noirmont au d\u00e9but de septembre, il y a encore des places pour les trois jours.\n<\/p><\/blockquote>\n<p>Comme j&rsquo;arrive chaque fois \u00e0 la derni\u00e8re minute avant le d\u00e9but du concert, entre autres \u00e0 cause des places de parking, les meilleures places sont prises.<\/p>\n<p>En r\u00e8gle g\u00e9n\u00e9rale je me parque en p\u00e9riph\u00e9rie et je prends le bus pour aller au centre-ville.<\/p>\n<p>A+<br \/>\nLePalou<\/p>\n","protected":false},"excerpt":{"rendered":"<p>Voici les concerts auxquels j&rsquo;ai assist\u00e9 \u00e0 Bienne pendant l&rsquo;\u00e9t\u00e9, Candy Dulfer \u00e0 la Braderie, Electric Swing Circus \u00e0 Podring en vieille ville de Bienne et Philippe Fankhauser \u00e0 la place Guisan \u00e0 Bienne. Et voici quelques photos de ses moments et des concerts pr\u00e9c\u00e9dents. Je r\u00e9fl\u00e9chis encore si je vais au Chant du Gros, [&hellip;]<\/p>\n","protected":false},"author":1,"featured_media":0,"comment_status":"open","ping_status":"open","sticky":false,"template":"","format":"standard","meta":{"footnotes":""},"categories":[21],"tags":[],"_links":{"self":[{"href":"https:\/\/uppg.org\/wordpress\/index.php?rest_route=\/wp\/v2\/posts\/1369"}],"collection":[{"href":"https:\/\/uppg.org\/wordpress\/index.php?rest_route=\/wp\/v2\/posts"}],"about":[{"href":"https:\/\/uppg.org\/wordpress\/index.php?rest_route=\/wp\/v2\/types\/post"}],"author":[{"embeddable":true,"href":"https:\/\/uppg.org\/wordpress\/index.php?rest_route=\/wp\/v2\/users\/1"}],"replies":[{"embeddable":true,"href":"https:\/\/uppg.org\/wordpress\/index.php?rest_route=%2Fwp%2Fv2%2Fcomments&post=1369"}],"version-history":[{"count":9,"href":"https:\/\/uppg.org\/wordpress\/index.php?rest_route=\/wp\/v2\/posts\/1369\/revisions"}],"predecessor-version":[{"id":1385,"href":"https:\/\/uppg.org\/wordpress\/index.php?rest_route=\/wp\/v2\/posts\/1369\/revisions\/1385"}],"wp:attachment":[{"href":"https:\/\/uppg.org\/wordpress\/index.php?rest_route=%2Fwp%2Fv2%2Fmedia&parent=1369"}],"wp:term":[{"taxonomy":"category","embeddable":true,"href":"https:\/\/uppg.org\/wordpress\/index.php?rest_route=%2Fwp%2Fv2%2Fcategories&post=1369"},{"taxonomy":"post_tag","embeddable":true,"href":"https:\/\/uppg.org\/wordpress\/index.php?rest_route=%2Fwp%2Fv2%2Ftags&post=1369"}],"curies":[{"name":"wp","href":"https:\/\/api.w.org\/{rel}","templated":true}]}}