{"id":1390,"date":"2017-10-07T14:30:00","date_gmt":"2017-10-07T12:30:00","guid":{"rendered":"http:\/\/uppg.org\/wordpress\/?p=1390"},"modified":"2017-10-08T16:05:25","modified_gmt":"2017-10-08T14:05:25","slug":"vendredi-cest-le-first-friday","status":"publish","type":"post","link":"https:\/\/uppg.org\/wordpress\/?p=1390","title":{"rendered":"Vendredi c\u2019\u00e9tait le First-Friday"},"content":{"rendered":"<p>Les artistes de rues sont \u00e0 l\u2019honneur au <a href=\"http:\/\/www.firstfriday.ch\/fr\/\">First-Friday de Bienne<\/a>. Musique et spectacles se suivent et ne se ressemblent pas.<\/p>\n<p>Les organisateurs ne sont pas <em>frileux<\/em> d&rsquo;organiser une soir\u00e9e avec des artistes de rues \u00e0 <strong><em>9<\/em><\/strong> ou <strong><em>10 degr\u00e9s.<\/em><\/strong><\/p>\n<p><a href=\"https:\/\/uppg.org\/wordpress\/wp-content\/uploads\/2017\/10\/firstfriday_IMG_1250-006_pav_blog.jpg\"><img loading=\"lazy\" decoding=\"async\" src=\"https:\/\/uppg.org\/wordpress\/wp-content\/uploads\/2017\/10\/firstfriday_IMG_1250-006_pav_blog.jpg\" alt=\"\" width=\"667\" height=\"1000\" class=\"aligncenter size-full wp-image-1397\" srcset=\"https:\/\/uppg.org\/wordpress\/wp-content\/uploads\/2017\/10\/firstfriday_IMG_1250-006_pav_blog.jpg 667w, https:\/\/uppg.org\/wordpress\/wp-content\/uploads\/2017\/10\/firstfriday_IMG_1250-006_pav_blog-200x300.jpg 200w\" sizes=\"(max-width: 667px) 100vw, 667px\" \/><\/a><\/p>\n<p>Les groupes de musique mettaient l&rsquo;ambiance, mais c&rsquo;est plus difficile pour ceux qui font un spectacle.<\/p>\n<p><a href=\"https:\/\/uppg.org\/wordpress\/wp-content\/uploads\/2017\/10\/firstfriday_IMG_1253-009_pav_blog.jpg\"><img loading=\"lazy\" decoding=\"async\" src=\"https:\/\/uppg.org\/wordpress\/wp-content\/uploads\/2017\/10\/firstfriday_IMG_1253-009_pav_blog.jpg\" alt=\"\" width=\"1000\" height=\"667\" class=\"aligncenter size-full wp-image-1396\" srcset=\"https:\/\/uppg.org\/wordpress\/wp-content\/uploads\/2017\/10\/firstfriday_IMG_1253-009_pav_blog.jpg 1000w, https:\/\/uppg.org\/wordpress\/wp-content\/uploads\/2017\/10\/firstfriday_IMG_1253-009_pav_blog-300x200.jpg 300w, https:\/\/uppg.org\/wordpress\/wp-content\/uploads\/2017\/10\/firstfriday_IMG_1253-009_pav_blog-768x512.jpg 768w\" sizes=\"(max-width: 1000px) 100vw, 1000px\" \/><\/a><\/p>\n<p><a href=\"https:\/\/uppg.org\/wordpress\/wp-content\/uploads\/2017\/10\/firstfriday_IMG_1264-020_pav_blog.jpg\"><img loading=\"lazy\" decoding=\"async\" src=\"https:\/\/uppg.org\/wordpress\/wp-content\/uploads\/2017\/10\/firstfriday_IMG_1264-020_pav_blog.jpg\" alt=\"\" width=\"1000\" height=\"667\" class=\"aligncenter size-full wp-image-1398\" srcset=\"https:\/\/uppg.org\/wordpress\/wp-content\/uploads\/2017\/10\/firstfriday_IMG_1264-020_pav_blog.jpg 1000w, https:\/\/uppg.org\/wordpress\/wp-content\/uploads\/2017\/10\/firstfriday_IMG_1264-020_pav_blog-300x200.jpg 300w, https:\/\/uppg.org\/wordpress\/wp-content\/uploads\/2017\/10\/firstfriday_IMG_1264-020_pav_blog-768x512.jpg 768w\" sizes=\"(max-width: 1000px) 100vw, 1000px\" \/><\/a><\/p>\n<p>Mais bonne soir\u00e9e qui permet de changer les id\u00e9es.<\/p>\n<p>Quelques photos <a href=\"http:\/\/www.uppg.org\/koken\/albums\/concerts\/\">ici<\/a><\/p>\n<p>Brassmaster Flash<br \/>\nYanac<\/p>\n<p>A+<\/p>\n<p>Patrick<\/p>\n","protected":false},"excerpt":{"rendered":"<p>Les artistes de rues sont \u00e0 l\u2019honneur au First-Friday de Bienne. Musique et spectacles se suivent et ne se ressemblent pas. Les organisateurs ne sont pas frileux d&rsquo;organiser une soir\u00e9e avec des artistes de rues \u00e0 9 ou 10 degr\u00e9s. Les groupes de musique mettaient l&rsquo;ambiance, mais c&rsquo;est plus difficile pour ceux qui font un [&hellip;]<\/p>\n","protected":false},"author":1,"featured_media":0,"comment_status":"open","ping_status":"open","sticky":false,"template":"","format":"standard","meta":{"footnotes":""},"categories":[4],"tags":[],"_links":{"self":[{"href":"https:\/\/uppg.org\/wordpress\/index.php?rest_route=\/wp\/v2\/posts\/1390"}],"collection":[{"href":"https:\/\/uppg.org\/wordpress\/index.php?rest_route=\/wp\/v2\/posts"}],"about":[{"href":"https:\/\/uppg.org\/wordpress\/index.php?rest_route=\/wp\/v2\/types\/post"}],"author":[{"embeddable":true,"href":"https:\/\/uppg.org\/wordpress\/index.php?rest_route=\/wp\/v2\/users\/1"}],"replies":[{"embeddable":true,"href":"https:\/\/uppg.org\/wordpress\/index.php?rest_route=%2Fwp%2Fv2%2Fcomments&post=1390"}],"version-history":[{"count":12,"href":"https:\/\/uppg.org\/wordpress\/index.php?rest_route=\/wp\/v2\/posts\/1390\/revisions"}],"predecessor-version":[{"id":1406,"href":"https:\/\/uppg.org\/wordpress\/index.php?rest_route=\/wp\/v2\/posts\/1390\/revisions\/1406"}],"wp:attachment":[{"href":"https:\/\/uppg.org\/wordpress\/index.php?rest_route=%2Fwp%2Fv2%2Fmedia&parent=1390"}],"wp:term":[{"taxonomy":"category","embeddable":true,"href":"https:\/\/uppg.org\/wordpress\/index.php?rest_route=%2Fwp%2Fv2%2Fcategories&post=1390"},{"taxonomy":"post_tag","embeddable":true,"href":"https:\/\/uppg.org\/wordpress\/index.php?rest_route=%2Fwp%2Fv2%2Ftags&post=1390"}],"curies":[{"name":"wp","href":"https:\/\/api.w.org\/{rel}","templated":true}]}}