{"id":1425,"date":"2017-10-28T20:23:02","date_gmt":"2017-10-28T18:23:02","guid":{"rendered":"http:\/\/uppg.org\/wordpress\/?p=1425"},"modified":"2017-10-29T13:05:52","modified_gmt":"2017-10-29T12:05:52","slug":"zibelemarit","status":"publish","type":"post","link":"https:\/\/uppg.org\/wordpress\/?p=1425","title":{"rendered":"Zibelem\u00e4rit"},"content":{"rendered":"<p><img loading=\"lazy\" decoding=\"async\" src=\"https:\/\/uppg.org\/wordpress\/wp-content\/uploads\/2017\/10\/dsc_9164.jpg\" height=\"2848\" class=\"wp-image-1432\" width=\"4288\" srcset=\"https:\/\/uppg.org\/wordpress\/wp-content\/uploads\/2017\/10\/dsc_9164.jpg 4288w, https:\/\/uppg.org\/wordpress\/wp-content\/uploads\/2017\/10\/dsc_9164-300x199.jpg 300w, https:\/\/uppg.org\/wordpress\/wp-content\/uploads\/2017\/10\/dsc_9164-768x510.jpg 768w, https:\/\/uppg.org\/wordpress\/wp-content\/uploads\/2017\/10\/dsc_9164-1024x680.jpg 1024w\" sizes=\"(max-width: 4288px) 100vw, 4288px\" \/><\/p>\n<p>Ce matin, un petit tour au <em>Zibelem\u00e4rit<\/em> biennois pour acheter quelques l\u00e9gumes et oignons.<\/p>\n<p>Les tresses d\u2019oignons et les l\u00e9gumes \u00e9taient magnifiques, le soleil \u00e9tait de la partie.<\/p>\n<p>Les autres photos de cette ann\u00e9e sont <a href=\"http:\/\/www.uppg.org\/koken\/albums\/zwiebelemaerit-bienne\/\">ici<\/a><\/p>\n<p>Cet apr\u00e8s-midi nous avons fait encore un voyage aux Carolines pour pr\u00e9parer le jardin pour l\u2019hiver.<\/p>\n<p>Aujourd\u2019hui c\u2019est le dernier jour avec l\u2019heure d\u2019\u00e9t\u00e9, cette nuit \u00e7a va changer&#8230;<\/p>\n<p>Il refera jour quand je partirais au travail et nuit quand je rentrerai.<\/p>\n<p>Les enseignes lumineuses n\u2019ont qu\u2019\u00e0 bien se tenir&#8230; j\u2019arrive<\/p>\n","protected":false},"excerpt":{"rendered":"<p>Ce matin, un petit tour au Zibelem\u00e4rit biennois pour acheter quelques l\u00e9gumes et oignons. Les tresses d\u2019oignons et les l\u00e9gumes \u00e9taient magnifiques, le soleil \u00e9tait de la partie. Les autres photos de cette ann\u00e9e sont ici Cet apr\u00e8s-midi nous avons fait encore un voyage aux Carolines pour pr\u00e9parer le jardin pour l\u2019hiver. Aujourd\u2019hui c\u2019est le [&hellip;]<\/p>\n","protected":false},"author":1,"featured_media":0,"comment_status":"open","ping_status":"open","sticky":false,"template":"","format":"standard","meta":{"footnotes":""},"categories":[12],"tags":[],"_links":{"self":[{"href":"https:\/\/uppg.org\/wordpress\/index.php?rest_route=\/wp\/v2\/posts\/1425"}],"collection":[{"href":"https:\/\/uppg.org\/wordpress\/index.php?rest_route=\/wp\/v2\/posts"}],"about":[{"href":"https:\/\/uppg.org\/wordpress\/index.php?rest_route=\/wp\/v2\/types\/post"}],"author":[{"embeddable":true,"href":"https:\/\/uppg.org\/wordpress\/index.php?rest_route=\/wp\/v2\/users\/1"}],"replies":[{"embeddable":true,"href":"https:\/\/uppg.org\/wordpress\/index.php?rest_route=%2Fwp%2Fv2%2Fcomments&post=1425"}],"version-history":[{"count":6,"href":"https:\/\/uppg.org\/wordpress\/index.php?rest_route=\/wp\/v2\/posts\/1425\/revisions"}],"predecessor-version":[{"id":1439,"href":"https:\/\/uppg.org\/wordpress\/index.php?rest_route=\/wp\/v2\/posts\/1425\/revisions\/1439"}],"wp:attachment":[{"href":"https:\/\/uppg.org\/wordpress\/index.php?rest_route=%2Fwp%2Fv2%2Fmedia&parent=1425"}],"wp:term":[{"taxonomy":"category","embeddable":true,"href":"https:\/\/uppg.org\/wordpress\/index.php?rest_route=%2Fwp%2Fv2%2Fcategories&post=1425"},{"taxonomy":"post_tag","embeddable":true,"href":"https:\/\/uppg.org\/wordpress\/index.php?rest_route=%2Fwp%2Fv2%2Ftags&post=1425"}],"curies":[{"name":"wp","href":"https:\/\/api.w.org\/{rel}","templated":true}]}}