{"id":167,"date":"2012-06-01T19:11:40","date_gmt":"2012-06-01T17:11:40","guid":{"rendered":"http:\/\/uppg.org\/wordpress\/?p=167"},"modified":"2013-08-09T08:48:13","modified_gmt":"2013-08-09T06:48:13","slug":"berce-du-caucase-a-la-heutte-et-chaindon","status":"publish","type":"post","link":"https:\/\/uppg.org\/wordpress\/?p=167","title":{"rendered":"Berce du Caucase \u00e0 La Heutte et Chaindon"},"content":{"rendered":"<p>Edit 24 juin 2012:<\/p>\n<p>En rentrant de notre jardin de Corg\u00e9mont, nous avons pris la route cantonale entre Sonceboz et La Heutte. A la hauteur d&rsquo;une place d&rsquo;\u00e9vitement quel fut pas ma surprise de voir cinq ombellif\u00e8res qui ressemblaient \u00e0 des <strong>berces du Caucase<\/strong> au bord de la route.<\/p>\n<p>Je me suis arr\u00eat\u00e9 pour les photographier, j&rsquo;ai vu qu&rsquo;il y en avait encore au bord de la rivi\u00e8re.<\/p>\n<div class=\"image_block\">\n  <img loading=\"lazy\" decoding=\"async\" src=\"http:\/\/uppg.org\/b2evo_2\/media\/blogs\/a\/berce_du_Caucase_24062012_003_blog.jpg\" alt=\"&#169; 2012 Patvaurick\" title=\"\" width=\"424\" height=\"638\" \/><\/p>\n<div class=\"image_legend\">\n    Berce du Caucase (Heracleum mantegazzianum) \u00e0 La Heutte\n  <\/div>\n<\/div>\n<div class=\"image_block\">\n  <img loading=\"lazy\" decoding=\"async\" src=\"http:\/\/uppg.org\/b2evo_2\/media\/blogs\/a\/berce_du_Caucase_24062012_007_blog.jpg\" alt=\"&#169; 2012 Patvaurick\" title=\"\" width=\"424\" height=\"282\" \/><\/p>\n<div class=\"image_legend\">\n    Berce du Caucase (Heracleum mantegazzianum) \u00e0 La Heutte\n  <\/div>\n<\/div>\n<div class=\"image_block\">\n  <img loading=\"lazy\" decoding=\"async\" src=\"http:\/\/uppg.org\/b2evo_2\/media\/blogs\/a\/berce_du_Caucase_24062012_011_blog.jpg\" alt=\"&#169; 2012 Patvaurick\" title=\"\" width=\"424\" height=\"638\" \/><\/p>\n<div class=\"image_legend\">\n    Fleurs de berce du Caucase (Heracleum mantegazzianum) \u00e0 La Heutte\n  <\/div>\n<\/div>\n<p>Berce du Caucase \u00e0 Chaindon 20.5.2012<\/p>\n<p>Lors d&rsquo;une promenade dans la r\u00e9gion de Chaindon, nous avons d\u00e9couvert une berce du Caucase. Plante qui peut provoquer des br\u00fblures du deuxi\u00e8me degr\u00e9, si on touche les feuilles ou la s\u00e8ve et que l&rsquo;on laisse la partie contamin\u00e9e en contact avec le soleil. Ce sont des plantes envahissantes \u00e0 \u00e9radiquer absolument.<\/p>\n<p>Heureusement c&rsquo;est une plante isol\u00e9e que nous avons trouv\u00e9e, et elle n&rsquo;est pas encore en graine (voir plus bas).<\/p>\n<div class=\"image_block\">\n  <img loading=\"lazy\" decoding=\"async\" src=\"http:\/\/uppg.org\/b2evo_2\/media\/blogs\/a\/Berce_17062012_001_blog.jpg\" alt=\"&#169; 2012 patvaurick\" title=\"\" width=\"424\" height=\"638\" \/><\/p>\n<div class=\"image_legend\">\n    Berce du Caucase (Heracleum mantegazzianum)\n  <\/div>\n<\/div>\n<div class=\"image_block\">\n  <img loading=\"lazy\" decoding=\"async\" src=\"http:\/\/uppg.org\/b2evo_2\/media\/blogs\/a\/Berce_17062012_002_blog.jpg\" alt=\"&#169; 2012 patvaurick\" title=\"\" width=\"424\" height=\"638\" \/><\/p>\n<div class=\"image_legend\">\n    Feuille de Berce du Caucase (Heracleum mantegazzianum)\n  <\/div>\n<\/div>\n<p>LePalou<\/p>\n<p>botaniste d&rsquo;un soir&#8230;<\/p>\n","protected":false},"excerpt":{"rendered":"<p>Edit 24 juin 2012: En rentrant de notre jardin de Corg\u00e9mont, nous avons pris la route cantonale entre Sonceboz et La Heutte. A la hauteur d&rsquo;une place d&rsquo;\u00e9vitement quel fut pas ma surprise de voir cinq ombellif\u00e8res qui ressemblaient \u00e0 des berces du Caucase au bord de la route. Je me suis arr\u00eat\u00e9 pour les [&hellip;]<\/p>\n","protected":false},"author":1,"featured_media":0,"comment_status":"closed","ping_status":"open","sticky":false,"template":"","format":"standard","meta":{"footnotes":""},"categories":[6,26],"tags":[],"_links":{"self":[{"href":"https:\/\/uppg.org\/wordpress\/index.php?rest_route=\/wp\/v2\/posts\/167"}],"collection":[{"href":"https:\/\/uppg.org\/wordpress\/index.php?rest_route=\/wp\/v2\/posts"}],"about":[{"href":"https:\/\/uppg.org\/wordpress\/index.php?rest_route=\/wp\/v2\/types\/post"}],"author":[{"embeddable":true,"href":"https:\/\/uppg.org\/wordpress\/index.php?rest_route=\/wp\/v2\/users\/1"}],"replies":[{"embeddable":true,"href":"https:\/\/uppg.org\/wordpress\/index.php?rest_route=%2Fwp%2Fv2%2Fcomments&post=167"}],"version-history":[{"count":7,"href":"https:\/\/uppg.org\/wordpress\/index.php?rest_route=\/wp\/v2\/posts\/167\/revisions"}],"predecessor-version":[{"id":229,"href":"https:\/\/uppg.org\/wordpress\/index.php?rest_route=\/wp\/v2\/posts\/167\/revisions\/229"}],"wp:attachment":[{"href":"https:\/\/uppg.org\/wordpress\/index.php?rest_route=%2Fwp%2Fv2%2Fmedia&parent=167"}],"wp:term":[{"taxonomy":"category","embeddable":true,"href":"https:\/\/uppg.org\/wordpress\/index.php?rest_route=%2Fwp%2Fv2%2Fcategories&post=167"},{"taxonomy":"post_tag","embeddable":true,"href":"https:\/\/uppg.org\/wordpress\/index.php?rest_route=%2Fwp%2Fv2%2Ftags&post=167"}],"curies":[{"name":"wp","href":"https:\/\/api.w.org\/{rel}","templated":true}]}}