{"id":174,"date":"2013-07-02T18:04:36","date_gmt":"2013-07-02T16:04:36","guid":{"rendered":"http:\/\/uppg.org\/wordpress\/?p=174"},"modified":"2013-07-04T21:48:06","modified_gmt":"2013-07-04T19:48:06","slug":"piece-de-theatre-des-eleves-de-la-baroche","status":"publish","type":"post","link":"https:\/\/uppg.org\/wordpress\/?p=174","title":{"rendered":"Spectacle des \u00e9l\u00e8ves de la Baroche"},"content":{"rendered":"<p>Le <em>Cercle scolaire de la Baroche<\/em> a <strong>20 ans<\/strong>, pour cette occasion, les enseignant(e)s ont mont\u00e9 un spectacle avec l&rsquo;aide de professionnels. L&rsquo;histoire se passent sur diff\u00e9rents sites \u00e0 Fregi\u00e9court et \u00e0 Mi\u00e9court.<\/p>\n<p>Certains groupes d&rsquo;\u00e9l\u00e8ves parlent en patois, on a reconnu des mots comme <em>baichenatte<\/em>, <em>be\u00fbjon<\/em>, etc.<\/p>\n<p>J&rsquo;ai fait quelques photos sans pr\u00e9tention \u00e0 Fregi\u00e9court, elles sont visibles <a href=\"https:\/\/www.wuala.com\/patvaurick\/Photos\/Cercle%20scolaire%20de%20la%20Baroche\/?key=8FK8aLGbK1vh\">ici<\/a> ou <a href=\"http:\/\/www.uppg.org\/koken\/albums\/cercle-scolaire-de-la-baroche\/\">l\u00e0<\/a><\/p>\n<p><a href=\"https:\/\/uppg.org\/wordpress\/wp-content\/uploads\/2013\/07\/Spectacle_26062013_DSC_9042-004_blog.jpg\"><img loading=\"lazy\" decoding=\"async\" src=\"https:\/\/uppg.org\/wordpress\/wp-content\/uploads\/2013\/07\/Spectacle_26062013_DSC_9042-004_blog.jpg\" alt=\"Spectacle 20 ans du Cercle scolaire de la Baroche\" width=\"1000\" height=\"665\" class=\"aligncenter size-full wp-image-180\" srcset=\"https:\/\/uppg.org\/wordpress\/wp-content\/uploads\/2013\/07\/Spectacle_26062013_DSC_9042-004_blog.jpg 1000w, https:\/\/uppg.org\/wordpress\/wp-content\/uploads\/2013\/07\/Spectacle_26062013_DSC_9042-004_blog-300x199.jpg 300w\" sizes=\"(max-width: 1000px) 100vw, 1000px\" \/><\/a><\/p>\n<p>Pour les voir demandez-moi le mot de passe.<\/p>\n<p>Bonne visite<\/p>\n<p>A+<\/p>\n<p>LePalou<\/p>\n","protected":false},"excerpt":{"rendered":"<p>Le Cercle scolaire de la Baroche a 20 ans, pour cette occasion, les enseignant(e)s ont mont\u00e9 un spectacle avec l&rsquo;aide de professionnels. L&rsquo;histoire se passent sur diff\u00e9rents sites \u00e0 Fregi\u00e9court et \u00e0 Mi\u00e9court. Certains groupes d&rsquo;\u00e9l\u00e8ves parlent en patois, on a reconnu des mots comme baichenatte, be\u00fbjon, etc. J&rsquo;ai fait quelques photos sans pr\u00e9tention \u00e0 [&hellip;]<\/p>\n","protected":false},"author":1,"featured_media":0,"comment_status":"open","ping_status":"open","sticky":false,"template":"","format":"standard","meta":{"footnotes":""},"categories":[4,12],"tags":[17],"_links":{"self":[{"href":"https:\/\/uppg.org\/wordpress\/index.php?rest_route=\/wp\/v2\/posts\/174"}],"collection":[{"href":"https:\/\/uppg.org\/wordpress\/index.php?rest_route=\/wp\/v2\/posts"}],"about":[{"href":"https:\/\/uppg.org\/wordpress\/index.php?rest_route=\/wp\/v2\/types\/post"}],"author":[{"embeddable":true,"href":"https:\/\/uppg.org\/wordpress\/index.php?rest_route=\/wp\/v2\/users\/1"}],"replies":[{"embeddable":true,"href":"https:\/\/uppg.org\/wordpress\/index.php?rest_route=%2Fwp%2Fv2%2Fcomments&post=174"}],"version-history":[{"count":12,"href":"https:\/\/uppg.org\/wordpress\/index.php?rest_route=\/wp\/v2\/posts\/174\/revisions"}],"predecessor-version":[{"id":187,"href":"https:\/\/uppg.org\/wordpress\/index.php?rest_route=\/wp\/v2\/posts\/174\/revisions\/187"}],"wp:attachment":[{"href":"https:\/\/uppg.org\/wordpress\/index.php?rest_route=%2Fwp%2Fv2%2Fmedia&parent=174"}],"wp:term":[{"taxonomy":"category","embeddable":true,"href":"https:\/\/uppg.org\/wordpress\/index.php?rest_route=%2Fwp%2Fv2%2Fcategories&post=174"},{"taxonomy":"post_tag","embeddable":true,"href":"https:\/\/uppg.org\/wordpress\/index.php?rest_route=%2Fwp%2Fv2%2Ftags&post=174"}],"curies":[{"name":"wp","href":"https:\/\/api.w.org\/{rel}","templated":true}]}}