{"id":18,"date":"2013-05-12T17:32:37","date_gmt":"2013-05-12T15:32:37","guid":{"rendered":"http:\/\/uppg.org\/wordpress\/?p=18"},"modified":"2013-06-01T17:35:58","modified_gmt":"2013-06-01T15:35:58","slug":"lobjectif-macro-est-la","status":"publish","type":"post","link":"https:\/\/uppg.org\/wordpress\/?p=18","title":{"rendered":"L&rsquo;objectif macro est l\u00e0"},"content":{"rendered":"<p>Ca y est, j&rsquo;ai fait le pas\u2026 je me suis achet\u00e9 d&rsquo;occasion l&rsquo;objectif AF-S VR Micro-Nikkor 105mm f\/2.8G IF-ED<\/p>\n<p>Je vais pouvoir tester les photos macro. <!--more-->La prise en mains est bonne, pour la macro il faut avoir une bonne luminosit\u00e9, enclencher le mode Manuel et \u00e9viter de bouger, donc il faut un monopied ou un tr\u00e9pied et un d\u00e9clencheur \u00e0 distance. Cela tombe bien j&rsquo;ai d\u00e9j\u00e0 les trois accessoires. Mise \u00e0 part \u00e7a, se promener avec le D50 et l&rsquo;objectif macro \u00e7a va \u00eatre lourd \u00e0 porter (750 g) \u00e0 bout de bras.<br \/>\n<a href=\"https:\/\/uppg.org\/wordpress\/?attachment_id=28\" rel=\"attachment wp-att-28\"><img loading=\"lazy\" decoding=\"async\" class=\"aligncenter size-full wp-image-28\" alt=\"Jardin_Corge_25042013_DSC_8363-3_blog\" src=\"https:\/\/uppg.org\/wordpress\/wp-content\/uploads\/2013\/06\/Jardin_Corge_25042013_DSC_8363-3_blog.jpg\" width=\"1000\" height=\"665\" srcset=\"https:\/\/uppg.org\/wordpress\/wp-content\/uploads\/2013\/06\/Jardin_Corge_25042013_DSC_8363-3_blog.jpg 1000w, https:\/\/uppg.org\/wordpress\/wp-content\/uploads\/2013\/06\/Jardin_Corge_25042013_DSC_8363-3_blog-300x199.jpg 300w\" sizes=\"(max-width: 1000px) 100vw, 1000px\" \/><\/a><\/p>\n<p>&nbsp;<\/p>\n<p>Un des probl\u00e8mes qui me reste \u00e0 r\u00e9soudre c&rsquo;est le sac-photo, le mien est trop petit pour tenir avec l&rsquo;objectif mont\u00e9 sur le D50. J&rsquo;h\u00e9site entre une version sac en bandouli\u00e8re ou sac \u00e0 dos. Peut-\u00eatre pr\u00e9voir un grandeur qui permette d&rsquo;ajouter une deuxi\u00e8me boitier (ou pas), je regarde toujours les D300s sur Ricardo, mais \u00e7a risque d&rsquo;\u00eatre lourd. Je peux aussi avoir deux sacs si on est deux \u00e0 faire des photos.<\/p>\n<p>Ce qui me ferait pencher pour un sac en bandouli\u00e8re c&rsquo;est de pouvoir le glisser dans mon sac \u00e0 dos, et je n&rsquo;ai pas besoin de changer mes accessoires de poche.<br \/>\nPour trouver mon bonheur, je vais aller tra\u00eener dans les magasins.<\/p>\n<p>Pour le moment je suis content de cet achat, surtout qu&rsquo;on peut aussi l&#8217;employer pour du portrait. Avec une ouverture \u00e0 f\/2.8 il fait un beau flou d&rsquo;arri\u00e8re-plan.<\/p>\n<p>Voici d\u00e9j\u00e0 quelques exemples de ce week-end<\/p>\n<div>\n<dl>\n<dt>\n<div id=\"attachment_50\" style=\"width: 1010px\" class=\"wp-caption aligncenter\"><a href=\"https:\/\/uppg.org\/wordpress\/?attachment_id=50#main\" rel=\"attachment wp-att-50\"><img loading=\"lazy\" decoding=\"async\" aria-describedby=\"caption-attachment-50\" class=\"size-full wp-image-50\" alt=\"\u00a9 2013 patvaurick\" src=\"https:\/\/uppg.org\/wordpress\/wp-content\/uploads\/2013\/06\/paques_fredges_29032013_048_blog.jpg\" width=\"1000\" height=\"665\" srcset=\"https:\/\/uppg.org\/wordpress\/wp-content\/uploads\/2013\/06\/paques_fredges_29032013_048_blog.jpg 1000w, https:\/\/uppg.org\/wordpress\/wp-content\/uploads\/2013\/06\/paques_fredges_29032013_048_blog-300x199.jpg 300w\" sizes=\"(max-width: 1000px) 100vw, 1000px\" \/><\/a><p id=\"caption-attachment-50\" class=\"wp-caption-text\">Souche<\/p><\/div>\n<\/dt>\n<\/dl>\n<p>&nbsp;<\/p>\n<\/div>\n<p>Allez bonne semaine \u00e0 tous<\/p>\n<p>LePalou<\/p>\n","protected":false},"excerpt":{"rendered":"<p>Ca y est, j&rsquo;ai fait le pas\u2026 je me suis achet\u00e9 d&rsquo;occasion l&rsquo;objectif AF-S VR Micro-Nikkor 105mm f\/2.8G IF-ED Je vais pouvoir tester les photos macro.<\/p>\n","protected":false},"author":1,"featured_media":0,"comment_status":"open","ping_status":"open","sticky":false,"template":"","format":"standard","meta":{"footnotes":""},"categories":[12,8,5],"tags":[],"_links":{"self":[{"href":"https:\/\/uppg.org\/wordpress\/index.php?rest_route=\/wp\/v2\/posts\/18"}],"collection":[{"href":"https:\/\/uppg.org\/wordpress\/index.php?rest_route=\/wp\/v2\/posts"}],"about":[{"href":"https:\/\/uppg.org\/wordpress\/index.php?rest_route=\/wp\/v2\/types\/post"}],"author":[{"embeddable":true,"href":"https:\/\/uppg.org\/wordpress\/index.php?rest_route=\/wp\/v2\/users\/1"}],"replies":[{"embeddable":true,"href":"https:\/\/uppg.org\/wordpress\/index.php?rest_route=%2Fwp%2Fv2%2Fcomments&post=18"}],"version-history":[{"count":11,"href":"https:\/\/uppg.org\/wordpress\/index.php?rest_route=\/wp\/v2\/posts\/18\/revisions"}],"predecessor-version":[{"id":64,"href":"https:\/\/uppg.org\/wordpress\/index.php?rest_route=\/wp\/v2\/posts\/18\/revisions\/64"}],"wp:attachment":[{"href":"https:\/\/uppg.org\/wordpress\/index.php?rest_route=%2Fwp%2Fv2%2Fmedia&parent=18"}],"wp:term":[{"taxonomy":"category","embeddable":true,"href":"https:\/\/uppg.org\/wordpress\/index.php?rest_route=%2Fwp%2Fv2%2Fcategories&post=18"},{"taxonomy":"post_tag","embeddable":true,"href":"https:\/\/uppg.org\/wordpress\/index.php?rest_route=%2Fwp%2Fv2%2Ftags&post=18"}],"curies":[{"name":"wp","href":"https:\/\/api.w.org\/{rel}","templated":true}]}}