{"id":197,"date":"2013-07-27T21:49:04","date_gmt":"2013-07-27T19:49:04","guid":{"rendered":"http:\/\/uppg.org\/wordpress\/?p=197"},"modified":"2013-08-09T08:50:32","modified_gmt":"2013-08-09T06:50:32","slug":"jardin-botanique-et-ballenberg","status":"publish","type":"post","link":"https:\/\/uppg.org\/wordpress\/?p=197","title":{"rendered":"Jardin botanique"},"content":{"rendered":"<p>Pendant ces vacances nous sommes all\u00e9s visiter le <em>jardin botanique de Saint-Triphon<\/em>. Il est entretenu par un passionn\u00e9 qui prend le temps de discuter avec les visiteurs, partage ses connaissances et \u00e9change des plantons. Nous avons apport\u00e9 deux pieds de menthe et nous sommes repartis avec deux autres et quelques graines.<\/p>\n<div id=\"attachment_198\" style=\"width: 1010px\" class=\"wp-caption aligncenter\"><img loading=\"lazy\" decoding=\"async\" aria-describedby=\"caption-attachment-198\" src=\"https:\/\/uppg.org\/wordpress\/wp-content\/uploads\/2013\/08\/Saint-Triphon_26072013_DSC_9338-001_blog.jpg\" alt=\"Libellule\" width=\"1000\" height=\"665\" class=\"size-full wp-image-198\" srcset=\"https:\/\/uppg.org\/wordpress\/wp-content\/uploads\/2013\/08\/Saint-Triphon_26072013_DSC_9338-001_blog.jpg 1000w, https:\/\/uppg.org\/wordpress\/wp-content\/uploads\/2013\/08\/Saint-Triphon_26072013_DSC_9338-001_blog-300x199.jpg 300w\" sizes=\"(max-width: 1000px) 100vw, 1000px\" \/><p id=\"caption-attachment-198\" class=\"wp-caption-text\">]<a href=\"https:\/\/uppg.org\/wordpress\/wp-content\/uploads\/2013\/08\/Saint-Triphon_26072013_DSC_9338-001_blog.jpg\">1<\/a> Libellule<\/p><\/div>\n<div id=\"attachment_199\" style=\"width: 1010px\" class=\"wp-caption aligncenter\"><img loading=\"lazy\" decoding=\"async\" aria-describedby=\"caption-attachment-199\" src=\"https:\/\/uppg.org\/wordpress\/wp-content\/uploads\/2013\/08\/Saint-Triphon_26072013_DSC_9339-002_blog.jpg\" alt=\"N\u00e9nuphar\" width=\"1000\" height=\"665\" class=\"size-full wp-image-199\" srcset=\"https:\/\/uppg.org\/wordpress\/wp-content\/uploads\/2013\/08\/Saint-Triphon_26072013_DSC_9339-002_blog.jpg 1000w, https:\/\/uppg.org\/wordpress\/wp-content\/uploads\/2013\/08\/Saint-Triphon_26072013_DSC_9339-002_blog-300x199.jpg 300w\" sizes=\"(max-width: 1000px) 100vw, 1000px\" \/><p id=\"caption-attachment-199\" class=\"wp-caption-text\">]<a href=\"https:\/\/uppg.org\/wordpress\/wp-content\/uploads\/2013\/08\/Saint-Triphon_26072013_DSC_9339-002_blog.jpg\">2<\/a> N\u00e9nuphar<\/p><\/div>\n<div id=\"attachment_200\" style=\"width: 1010px\" class=\"wp-caption aligncenter\"><img loading=\"lazy\" decoding=\"async\" aria-describedby=\"caption-attachment-200\" src=\"https:\/\/uppg.org\/wordpress\/wp-content\/uploads\/2013\/08\/Saint-Triphon_26072013_DSC_9385-047_blog.jpg\" alt=\"Jardin botanique de Saint-Triphon\" width=\"1000\" height=\"665\" class=\"size-full wp-image-200\" srcset=\"https:\/\/uppg.org\/wordpress\/wp-content\/uploads\/2013\/08\/Saint-Triphon_26072013_DSC_9385-047_blog.jpg 1000w, https:\/\/uppg.org\/wordpress\/wp-content\/uploads\/2013\/08\/Saint-Triphon_26072013_DSC_9385-047_blog-300x199.jpg 300w\" sizes=\"(max-width: 1000px) 100vw, 1000px\" \/><p id=\"caption-attachment-200\" class=\"wp-caption-text\">]<a href=\"https:\/\/uppg.org\/wordpress\/wp-content\/uploads\/2013\/08\/Saint-Triphon_26072013_DSC_9385-047_blog.jpg\">3<\/a> Jardin botanique de Saint-Triphon et son conservateur<\/p><\/div>\n<p>Belle promenade \u00e0 refaire en ayant plus de temps.<\/p>\n<p>A plus<\/p>\n<p>LePalou<\/p>\n","protected":false},"excerpt":{"rendered":"<p>Pendant ces vacances nous sommes all\u00e9s visiter le jardin botanique de Saint-Triphon. Il est entretenu par un passionn\u00e9 qui prend le temps de discuter avec les visiteurs, partage ses connaissances et \u00e9change des plantons. Nous avons apport\u00e9 deux pieds de menthe et nous sommes repartis avec deux autres et quelques graines. Belle promenade \u00e0 refaire [&hellip;]<\/p>\n","protected":false},"author":1,"featured_media":0,"comment_status":"open","ping_status":"open","sticky":false,"template":"","format":"standard","meta":{"footnotes":""},"categories":[26,12],"tags":[],"_links":{"self":[{"href":"https:\/\/uppg.org\/wordpress\/index.php?rest_route=\/wp\/v2\/posts\/197"}],"collection":[{"href":"https:\/\/uppg.org\/wordpress\/index.php?rest_route=\/wp\/v2\/posts"}],"about":[{"href":"https:\/\/uppg.org\/wordpress\/index.php?rest_route=\/wp\/v2\/types\/post"}],"author":[{"embeddable":true,"href":"https:\/\/uppg.org\/wordpress\/index.php?rest_route=\/wp\/v2\/users\/1"}],"replies":[{"embeddable":true,"href":"https:\/\/uppg.org\/wordpress\/index.php?rest_route=%2Fwp%2Fv2%2Fcomments&post=197"}],"version-history":[{"count":12,"href":"https:\/\/uppg.org\/wordpress\/index.php?rest_route=\/wp\/v2\/posts\/197\/revisions"}],"predecessor-version":[{"id":226,"href":"https:\/\/uppg.org\/wordpress\/index.php?rest_route=\/wp\/v2\/posts\/197\/revisions\/226"}],"wp:attachment":[{"href":"https:\/\/uppg.org\/wordpress\/index.php?rest_route=%2Fwp%2Fv2%2Fmedia&parent=197"}],"wp:term":[{"taxonomy":"category","embeddable":true,"href":"https:\/\/uppg.org\/wordpress\/index.php?rest_route=%2Fwp%2Fv2%2Fcategories&post=197"},{"taxonomy":"post_tag","embeddable":true,"href":"https:\/\/uppg.org\/wordpress\/index.php?rest_route=%2Fwp%2Fv2%2Ftags&post=197"}],"curies":[{"name":"wp","href":"https:\/\/api.w.org\/{rel}","templated":true}]}}