{"id":206,"date":"2013-08-07T22:27:44","date_gmt":"2013-08-07T20:27:44","guid":{"rendered":"http:\/\/uppg.org\/wordpress\/?p=206"},"modified":"2013-08-08T22:26:57","modified_gmt":"2013-08-08T20:26:57","slug":"ballenberg","status":"publish","type":"post","link":"https:\/\/uppg.org\/wordpress\/?p=206","title":{"rendered":"Ballenberg"},"content":{"rendered":"<p>En d\u00e9but de semaine, pendant qu&rsquo;il faisait encore beau, nous sommes all\u00e9s visiter <em>Ballenberg<\/em>, le mus\u00e9e rural suisse.<\/p>\n<p>Cette fois nous avons laiss\u00e9 de c\u00f4t\u00e9 les maisons que nous avions d\u00e9j\u00e0 vues et nous sommes partis d&rsquo;un bon pas en direction de l&rsquo;entr\u00e9e Est.<\/p>\n<div id=\"attachment_202\" style=\"width: 1010px\" class=\"wp-caption aligncenter\"><img loading=\"lazy\" decoding=\"async\" aria-describedby=\"caption-attachment-202\" src=\"https:\/\/uppg.org\/wordpress\/wp-content\/uploads\/2013\/08\/ballenberg_05082013_DSC_9582-035_blog.jpg\" alt=\"Moyen-Pays oriental\" width=\"1000\" height=\"665\" class=\"size-full wp-image-202\" srcset=\"https:\/\/uppg.org\/wordpress\/wp-content\/uploads\/2013\/08\/ballenberg_05082013_DSC_9582-035_blog.jpg 1000w, https:\/\/uppg.org\/wordpress\/wp-content\/uploads\/2013\/08\/ballenberg_05082013_DSC_9582-035_blog-300x199.jpg 300w\" sizes=\"(max-width: 1000px) 100vw, 1000px\" \/><p id=\"caption-attachment-202\" class=\"wp-caption-text\">]<a href=\"https:\/\/uppg.org\/wordpress\/wp-content\/uploads\/2013\/08\/ballenberg_05082013_DSC_9582-035_blog.jpg\">2<\/a> Moyen-Pays oriental<\/p><\/div>\n<p><strong>Flickr1900<\/strong><\/p>\n<div id=\"attachment_201\" style=\"width: 1010px\" class=\"wp-caption aligncenter\"><img loading=\"lazy\" decoding=\"async\" aria-describedby=\"caption-attachment-201\" src=\"https:\/\/uppg.org\/wordpress\/wp-content\/uploads\/2013\/08\/ballenberg_05082013_DSC_9555-009_blog.jpg\" alt=\"FlickR 1900\" width=\"1000\" height=\"665\" class=\"size-full wp-image-201\" srcset=\"https:\/\/uppg.org\/wordpress\/wp-content\/uploads\/2013\/08\/ballenberg_05082013_DSC_9555-009_blog.jpg 1000w, https:\/\/uppg.org\/wordpress\/wp-content\/uploads\/2013\/08\/ballenberg_05082013_DSC_9555-009_blog-300x199.jpg 300w\" sizes=\"(max-width: 1000px) 100vw, 1000px\" \/><p id=\"caption-attachment-201\" class=\"wp-caption-text\">]<a href=\"https:\/\/uppg.org\/wordpress\/wp-content\/uploads\/2013\/08\/ballenberg_05082013_DSC_9555-009_blog.jpg\">1<\/a> FlickR 1900<\/p><\/div>\n<p>J&rsquo;ai vu les m\u00eames albums chez mes beaux-parents. Je les ai \u00e9pluch\u00e9s pour trouver de nouvelles informations pour ma g\u00e9n\u00e9alogie.<\/p>\n<p>Au retour petit arr\u00eat \u00e0 <em>Kratigen<\/em> et Aechi (\u00e0 la montagne) souvenir de vacances \u00e9tant enfant avec vue sur le <em>Niesen<\/em>, la montagne o\u00f9 je ne voulais pas monter, parce qu&rsquo;elle \u00e9tait pointue et que je ne voulais pas me piquer le derri\u00e8re si je devais m&rsquo;assoir&#8230;<\/p>\n<div id=\"attachment_203\" style=\"width: 1010px\" class=\"wp-caption aligncenter\"><img loading=\"lazy\" decoding=\"async\" aria-describedby=\"caption-attachment-203\" src=\"https:\/\/uppg.org\/wordpress\/wp-content\/uploads\/2013\/08\/ballenberg_05082013_DSC_9588-041_blog.jpg\" alt=\"Niesen\" width=\"1000\" height=\"665\" class=\"size-full wp-image-203\" srcset=\"https:\/\/uppg.org\/wordpress\/wp-content\/uploads\/2013\/08\/ballenberg_05082013_DSC_9588-041_blog.jpg 1000w, https:\/\/uppg.org\/wordpress\/wp-content\/uploads\/2013\/08\/ballenberg_05082013_DSC_9588-041_blog-300x199.jpg 300w\" sizes=\"(max-width: 1000px) 100vw, 1000px\" \/><p id=\"caption-attachment-203\" class=\"wp-caption-text\">]<a href=\"https:\/\/uppg.org\/wordpress\/wp-content\/uploads\/2013\/08\/ballenberg_05082013_DSC_9588-041_blog.jpg\">3<\/a> Niesen<\/p><\/div>\n","protected":false},"excerpt":{"rendered":"<p>En d\u00e9but de semaine, pendant qu&rsquo;il faisait encore beau, nous sommes all\u00e9s visiter Ballenberg, le mus\u00e9e rural suisse. Cette fois nous avons laiss\u00e9 de c\u00f4t\u00e9 les maisons que nous avions d\u00e9j\u00e0 vues et nous sommes partis d&rsquo;un bon pas en direction de l&rsquo;entr\u00e9e Est. Flickr1900 J&rsquo;ai vu les m\u00eames albums chez mes beaux-parents. Je les [&hellip;]<\/p>\n","protected":false},"author":1,"featured_media":0,"comment_status":"open","ping_status":"open","sticky":false,"template":"","format":"standard","meta":{"footnotes":""},"categories":[4],"tags":[20,19],"_links":{"self":[{"href":"https:\/\/uppg.org\/wordpress\/index.php?rest_route=\/wp\/v2\/posts\/206"}],"collection":[{"href":"https:\/\/uppg.org\/wordpress\/index.php?rest_route=\/wp\/v2\/posts"}],"about":[{"href":"https:\/\/uppg.org\/wordpress\/index.php?rest_route=\/wp\/v2\/types\/post"}],"author":[{"embeddable":true,"href":"https:\/\/uppg.org\/wordpress\/index.php?rest_route=\/wp\/v2\/users\/1"}],"replies":[{"embeddable":true,"href":"https:\/\/uppg.org\/wordpress\/index.php?rest_route=%2Fwp%2Fv2%2Fcomments&post=206"}],"version-history":[{"count":12,"href":"https:\/\/uppg.org\/wordpress\/index.php?rest_route=\/wp\/v2\/posts\/206\/revisions"}],"predecessor-version":[{"id":228,"href":"https:\/\/uppg.org\/wordpress\/index.php?rest_route=\/wp\/v2\/posts\/206\/revisions\/228"}],"wp:attachment":[{"href":"https:\/\/uppg.org\/wordpress\/index.php?rest_route=%2Fwp%2Fv2%2Fmedia&parent=206"}],"wp:term":[{"taxonomy":"category","embeddable":true,"href":"https:\/\/uppg.org\/wordpress\/index.php?rest_route=%2Fwp%2Fv2%2Fcategories&post=206"},{"taxonomy":"post_tag","embeddable":true,"href":"https:\/\/uppg.org\/wordpress\/index.php?rest_route=%2Fwp%2Fv2%2Ftags&post=206"}],"curies":[{"name":"wp","href":"https:\/\/api.w.org\/{rel}","templated":true}]}}