{"id":256,"date":"2013-10-10T11:27:51","date_gmt":"2013-10-10T09:27:51","guid":{"rendered":"http:\/\/uppg.org\/wordpress\/?p=256"},"modified":"2013-10-11T10:46:19","modified_gmt":"2013-10-11T08:46:19","slug":"recolte-et-mise-a-labri","status":"publish","type":"post","link":"https:\/\/uppg.org\/wordpress\/?p=256","title":{"rendered":"R\u00e9colte et mise \u00e0 l&rsquo;abri"},"content":{"rendered":"<p>Hier nous avons pass\u00e9 la journ\u00e9e au jardin pour mettre \u00e0 l&rsquo;abri les plantes qui ne peuvent pas passer l&rsquo;hiver dehors. Nous avons aussi vendang\u00e9 le pied de vigne, ramasser les <em>curcubitac\u00e9es<\/em>, couper les <em>c\u00f4tes de bettes \u00e0 carde rouge<\/em>, cueillir les <em>pommes<\/em>, les <em>poires<\/em> et les <em>coings<\/em>.<\/p>\n<div id=\"attachment_257\" style=\"width: 675px\" class=\"wp-caption aligncenter\"><img loading=\"lazy\" decoding=\"async\" aria-describedby=\"caption-attachment-257\" src=\"https:\/\/uppg.org\/wordpress\/wp-content\/uploads\/2013\/10\/Taubenloch_27072013_DSC_9397-001_blog.jpg\" alt=\"C\u00f4tes de bette \u00e0 carde rouge\" width=\"665\" height=\"1000\" class=\"size-full wp-image-257\" srcset=\"https:\/\/uppg.org\/wordpress\/wp-content\/uploads\/2013\/10\/Taubenloch_27072013_DSC_9397-001_blog.jpg 665w, https:\/\/uppg.org\/wordpress\/wp-content\/uploads\/2013\/10\/Taubenloch_27072013_DSC_9397-001_blog-199x300.jpg 199w\" sizes=\"(max-width: 665px) 100vw, 665px\" \/><p id=\"caption-attachment-257\" class=\"wp-caption-text\">]<a href=\"https:\/\/uppg.org\/wordpress\/wp-content\/uploads\/2013\/10\/Taubenloch_27072013_DSC_9397-001_blog.jpg\">1<\/a> C\u00f4tes de bette \u00e0 carde rouge<\/p><\/div>\n<div id=\"attachment_260\" style=\"width: 675px\" class=\"wp-caption aligncenter\"><img loading=\"lazy\" decoding=\"async\" aria-describedby=\"caption-attachment-260\" src=\"https:\/\/uppg.org\/wordpress\/wp-content\/uploads\/2013\/10\/jardin_Corge_09102013_DSC_0060-001_blog.jpg\" alt=\"Raisin\" width=\"665\" height=\"1000\" class=\"size-full wp-image-260\" srcset=\"https:\/\/uppg.org\/wordpress\/wp-content\/uploads\/2013\/10\/jardin_Corge_09102013_DSC_0060-001_blog.jpg 665w, https:\/\/uppg.org\/wordpress\/wp-content\/uploads\/2013\/10\/jardin_Corge_09102013_DSC_0060-001_blog-199x300.jpg 199w\" sizes=\"(max-width: 665px) 100vw, 665px\" \/><p id=\"caption-attachment-260\" class=\"wp-caption-text\">]<a href=\"https:\/\/uppg.org\/wordpress\/wp-content\/uploads\/2013\/10\/jardin_Corge_09102013_DSC_0060-001_blog.jpg\">2<\/a> Raisin<\/p><\/div>\n<p>J&rsquo;ai mis en ligne quelques images sur <a href=\"http:\/\/www.uppg.org\/koken\/albums\/jardin-des-amateurs\/\">photo.uppg.org<\/a>, je vous laisse le soin de d\u00e9couvrir par vous-m\u00eames.<\/p>\n<div id=\"attachment_259\" style=\"width: 1010px\" class=\"wp-caption aligncenter\"><img loading=\"lazy\" decoding=\"async\" aria-describedby=\"caption-attachment-259\" src=\"https:\/\/uppg.org\/wordpress\/wp-content\/uploads\/2013\/10\/Jardin_Corge_19092013_DSC_9866-048_blog.jpg\" alt=\"Coloquintes\" width=\"1000\" height=\"665\" class=\"size-full wp-image-259\" srcset=\"https:\/\/uppg.org\/wordpress\/wp-content\/uploads\/2013\/10\/Jardin_Corge_19092013_DSC_9866-048_blog.jpg 1000w, https:\/\/uppg.org\/wordpress\/wp-content\/uploads\/2013\/10\/Jardin_Corge_19092013_DSC_9866-048_blog-300x199.jpg 300w\" sizes=\"(max-width: 1000px) 100vw, 1000px\" \/><p id=\"caption-attachment-259\" class=\"wp-caption-text\">]<a href=\"https:\/\/uppg.org\/wordpress\/wp-content\/uploads\/2013\/10\/Jardin_Corge_19092013_DSC_9866-048_blog.jpg\">3<\/a> Coloquintes<\/p><\/div>\n<div id=\"attachment_261\" style=\"width: 675px\" class=\"wp-caption aligncenter\"><img loading=\"lazy\" decoding=\"async\" aria-describedby=\"caption-attachment-261\" src=\"https:\/\/uppg.org\/wordpress\/wp-content\/uploads\/2013\/10\/jardin_Corge_09102013_DSC_0064-005_blog.jpg\" alt=\"Coqueret du P\u00e9rou, Groseille du Cap\" width=\"665\" height=\"1000\" class=\"size-full wp-image-261\" srcset=\"https:\/\/uppg.org\/wordpress\/wp-content\/uploads\/2013\/10\/jardin_Corge_09102013_DSC_0064-005_blog.jpg 665w, https:\/\/uppg.org\/wordpress\/wp-content\/uploads\/2013\/10\/jardin_Corge_09102013_DSC_0064-005_blog-199x300.jpg 199w\" sizes=\"(max-width: 665px) 100vw, 665px\" \/><p id=\"caption-attachment-261\" class=\"wp-caption-text\">]<a href=\"https:\/\/uppg.org\/wordpress\/wp-content\/uploads\/2013\/10\/jardin_Corge_09102013_DSC_0064-005_blog.jpg\">4<\/a> Coqueret du P\u00e9rou, Groseille du Cap<\/p><\/div>\n<p>Nous avons mis les <em>cactus<\/em> et les <em>g\u00e9raniums odorants<\/em> \u00e0 l&rsquo;abri avant les premiers frimas annonc\u00e9s pour la fin de la semaine.<\/p>\n<div id=\"attachment_258\" style=\"width: 1010px\" class=\"wp-caption aligncenter\"><img loading=\"lazy\" decoding=\"async\" aria-describedby=\"caption-attachment-258\" src=\"https:\/\/uppg.org\/wordpress\/wp-content\/uploads\/2013\/10\/Jardin_Corge_19092013_DSC_9858-040_blog.jpg\" alt=\"Graines de poireau\" width=\"1000\" height=\"665\" class=\"size-full wp-image-258\" \/><p id=\"caption-attachment-258\" class=\"wp-caption-text\">]<a href=\"https:\/\/uppg.org\/wordpress\/wp-content\/uploads\/2013\/10\/Jardin_Corge_19092013_DSC_9858-040_blog.jpg\">5<\/a> Graines de poireau<\/p><\/div>\n<p>Aujourd&rsquo;hui, il pleut, dans une semaine on part hiberner, on vous retrouve au printemps prochain pour la cueillette de l&rsquo;ail des ours&#8230;<\/p>\n<p>A+ LePalou<\/p>\n","protected":false},"excerpt":{"rendered":"<p>Hier nous avons pass\u00e9 la journ\u00e9e au jardin pour mettre \u00e0 l&rsquo;abri les plantes qui ne peuvent pas passer l&rsquo;hiver dehors. Nous avons aussi vendang\u00e9 le pied de vigne, ramasser les curcubitac\u00e9es, couper les c\u00f4tes de bettes \u00e0 carde rouge, cueillir les pommes, les poires et les coings. J&rsquo;ai mis en ligne quelques images sur [&hellip;]<\/p>\n","protected":false},"author":1,"featured_media":0,"comment_status":"open","ping_status":"open","sticky":false,"template":"","format":"standard","meta":{"footnotes":""},"categories":[6,26],"tags":[],"_links":{"self":[{"href":"https:\/\/uppg.org\/wordpress\/index.php?rest_route=\/wp\/v2\/posts\/256"}],"collection":[{"href":"https:\/\/uppg.org\/wordpress\/index.php?rest_route=\/wp\/v2\/posts"}],"about":[{"href":"https:\/\/uppg.org\/wordpress\/index.php?rest_route=\/wp\/v2\/types\/post"}],"author":[{"embeddable":true,"href":"https:\/\/uppg.org\/wordpress\/index.php?rest_route=\/wp\/v2\/users\/1"}],"replies":[{"embeddable":true,"href":"https:\/\/uppg.org\/wordpress\/index.php?rest_route=%2Fwp%2Fv2%2Fcomments&post=256"}],"version-history":[{"count":8,"href":"https:\/\/uppg.org\/wordpress\/index.php?rest_route=\/wp\/v2\/posts\/256\/revisions"}],"predecessor-version":[{"id":270,"href":"https:\/\/uppg.org\/wordpress\/index.php?rest_route=\/wp\/v2\/posts\/256\/revisions\/270"}],"wp:attachment":[{"href":"https:\/\/uppg.org\/wordpress\/index.php?rest_route=%2Fwp%2Fv2%2Fmedia&parent=256"}],"wp:term":[{"taxonomy":"category","embeddable":true,"href":"https:\/\/uppg.org\/wordpress\/index.php?rest_route=%2Fwp%2Fv2%2Fcategories&post=256"},{"taxonomy":"post_tag","embeddable":true,"href":"https:\/\/uppg.org\/wordpress\/index.php?rest_route=%2Fwp%2Fv2%2Ftags&post=256"}],"curies":[{"name":"wp","href":"https:\/\/api.w.org\/{rel}","templated":true}]}}