{"id":271,"date":"2013-10-26T15:47:48","date_gmt":"2013-10-26T13:47:48","guid":{"rendered":"http:\/\/uppg.org\/wordpress\/?p=271"},"modified":"2014-03-02T09:51:38","modified_gmt":"2014-03-02T08:51:38","slug":"marche-aux-oignons","status":"publish","type":"post","link":"https:\/\/uppg.org\/wordpress\/?p=271","title":{"rendered":"March\u00e9 aux oignons"},"content":{"rendered":"<p>Ce matin debout aux <em>aurores<\/em><sup id=\"fnref:1\"><a href=\"#fn:1\" rel=\"footnote\">1<\/a><\/sup>, descente \u00e0 Bienne pour se mettre dans l&rsquo;ambiance du <a href=\"http:\/\/www.uppg.org\/koken\/albums\/marche-aux-oignons\/\"><strong>March\u00e9 aux oignons<\/strong><\/a>, ce n&rsquo;est pas aussi grand que celui de Berne, mais c&rsquo;est l&rsquo;occasion d&rsquo;acheter des tresses d&rsquo;oignons.<\/p>\n<div id=\"attachment_278\" style=\"width: 1010px\" class=\"wp-caption aligncenter\"><img loading=\"lazy\" decoding=\"async\" aria-describedby=\"caption-attachment-278\" src=\"https:\/\/uppg.org\/wordpress\/wp-content\/uploads\/2013\/10\/March\u00e9_oignons_26102013_DSC_0123-042_blog.jpg\" alt=\"March\u00e9 aux oignons, Bienne\" width=\"1000\" height=\"665\" class=\"size-full wp-image-278\" srcset=\"https:\/\/uppg.org\/wordpress\/wp-content\/uploads\/2013\/10\/March\u00e9_oignons_26102013_DSC_0123-042_blog.jpg 1000w, https:\/\/uppg.org\/wordpress\/wp-content\/uploads\/2013\/10\/March\u00e9_oignons_26102013_DSC_0123-042_blog-300x199.jpg 300w\" sizes=\"(max-width: 1000px) 100vw, 1000px\" \/><p id=\"caption-attachment-278\" class=\"wp-caption-text\">]<a href=\"https:\/\/uppg.org\/wordpress\/wp-content\/uploads\/2013\/10\/March\u00e9_oignons_26102013_DSC_0123-042_blog.jpg\">1<\/a> March\u00e9 aux oignons, Bienne<\/p><\/div>\n<div id=\"attachment_275\" style=\"width: 1010px\" class=\"wp-caption aligncenter\"><img loading=\"lazy\" decoding=\"async\" aria-describedby=\"caption-attachment-275\" src=\"https:\/\/uppg.org\/wordpress\/wp-content\/uploads\/2013\/10\/March\u00e9_oignons_26102013_DSC_0081-006_blog.jpg\" alt=\"Oignons tress\u00e9s\" width=\"1000\" height=\"665\" class=\"size-full wp-image-275\" srcset=\"https:\/\/uppg.org\/wordpress\/wp-content\/uploads\/2013\/10\/March\u00e9_oignons_26102013_DSC_0081-006_blog.jpg 1000w, https:\/\/uppg.org\/wordpress\/wp-content\/uploads\/2013\/10\/March\u00e9_oignons_26102013_DSC_0081-006_blog-300x199.jpg 300w\" sizes=\"(max-width: 1000px) 100vw, 1000px\" \/><p id=\"caption-attachment-275\" class=\"wp-caption-text\">]<a href=\"https:\/\/uppg.org\/wordpress\/wp-content\/uploads\/2013\/10\/March\u00e9_oignons_26102013_DSC_0081-006_blog.jpg\">2<\/a> Oignons tress\u00e9s<\/p><\/div>\n<p>Le temps \u00e9tait cl\u00e9ment et la temp\u00e9rature agr\u00e9able pour une fin de mois d&rsquo;octobre. Il y a des stands des mara\u00eechers du Seeland, qui vendent des l\u00e9gumes, des fruits, des courges de toutes les couleurs.<\/p>\n<div id=\"attachment_276\" style=\"width: 1010px\" class=\"wp-caption aligncenter\"><img loading=\"lazy\" decoding=\"async\" aria-describedby=\"caption-attachment-276\" src=\"https:\/\/uppg.org\/wordpress\/wp-content\/uploads\/2013\/10\/March\u00e9_oignons_26102013_DSC_0083-008_blog.jpg\" alt=\"Cinq l\u00e9gumes par jour, y a du choix\" width=\"1000\" height=\"665\" class=\"size-full wp-image-276\" srcset=\"https:\/\/uppg.org\/wordpress\/wp-content\/uploads\/2013\/10\/March\u00e9_oignons_26102013_DSC_0083-008_blog.jpg 1000w, https:\/\/uppg.org\/wordpress\/wp-content\/uploads\/2013\/10\/March\u00e9_oignons_26102013_DSC_0083-008_blog-300x199.jpg 300w\" sizes=\"(max-width: 1000px) 100vw, 1000px\" \/><p id=\"caption-attachment-276\" class=\"wp-caption-text\">]<a href=\"https:\/\/uppg.org\/wordpress\/wp-content\/uploads\/2013\/10\/March\u00e9_oignons_26102013_DSC_0083-008_blog.jpg\">3<\/a> Cinq l\u00e9gumes par jour, y a du choix<\/p><\/div>\n<p>On croise toujours des coll\u00e8gues ou des personnalit\u00e9s de la ville de Bienne.<\/p>\n<div id=\"attachment_277\" style=\"width: 1010px\" class=\"wp-caption aligncenter\"><img loading=\"lazy\" decoding=\"async\" aria-describedby=\"caption-attachment-277\" src=\"https:\/\/uppg.org\/wordpress\/wp-content\/uploads\/2013\/10\/March\u00e9_oignons_26102013_DSC_0092-016_blog.jpg\" alt=\"Visages connus?\" width=\"1000\" height=\"665\" class=\"size-full wp-image-277\" srcset=\"https:\/\/uppg.org\/wordpress\/wp-content\/uploads\/2013\/10\/March\u00e9_oignons_26102013_DSC_0092-016_blog.jpg 1000w, https:\/\/uppg.org\/wordpress\/wp-content\/uploads\/2013\/10\/March\u00e9_oignons_26102013_DSC_0092-016_blog-300x199.jpg 300w\" sizes=\"(max-width: 1000px) 100vw, 1000px\" \/><p id=\"caption-attachment-277\" class=\"wp-caption-text\">]<a href=\"https:\/\/uppg.org\/wordpress\/wp-content\/uploads\/2013\/10\/March\u00e9_oignons_26102013_DSC_0092-016_blog.jpg\">4<\/a> Visages connus?<\/p><\/div>\n<p>Petit rappel ce soir c&rsquo;est le passage \u00e0 l&rsquo;heure d&rsquo;hiver.<\/p>\n<div id=\"attachment_274\" style=\"width: 675px\" class=\"wp-caption aligncenter\"><img loading=\"lazy\" decoding=\"async\" aria-describedby=\"caption-attachment-274\" src=\"https:\/\/uppg.org\/wordpress\/wp-content\/uploads\/2013\/10\/March\u00e9_oignons_26102013_DSC_0078-003_blog.jpg\" alt=\"Passage \u00e0 l&#039;heure d&#039;hiver\" width=\"665\" height=\"1000\" class=\"size-full wp-image-274\" srcset=\"https:\/\/uppg.org\/wordpress\/wp-content\/uploads\/2013\/10\/March\u00e9_oignons_26102013_DSC_0078-003_blog.jpg 665w, https:\/\/uppg.org\/wordpress\/wp-content\/uploads\/2013\/10\/March\u00e9_oignons_26102013_DSC_0078-003_blog-199x300.jpg 199w\" sizes=\"(max-width: 665px) 100vw, 665px\" \/><p id=\"caption-attachment-274\" class=\"wp-caption-text\">]<a href=\"https:\/\/uppg.org\/wordpress\/wp-content\/uploads\/2013\/10\/March\u00e9_oignons_26102013_DSC_0078-003_blog.jpg\">5<\/a> Passage \u00e0 l&rsquo;heure d&rsquo;hiver<\/p><\/div>\n<p>A+<\/p>\n<p>LePalou<\/p>\n<div class=\"footnotes\">\n<hr \/>\n<ol>\n<li id=\"fn:1\">\n<p>7 heures et demie du matin, c&rsquo;est les aurores pour moi le samedi matin&#160;<a href=\"#fnref:1\" rev=\"footnote\">&#8617;<\/a><\/p>\n<\/li>\n<\/ol>\n<\/div>\n","protected":false},"excerpt":{"rendered":"<p>Ce matin debout aux aurores1, descente \u00e0 Bienne pour se mettre dans l&rsquo;ambiance du March\u00e9 aux oignons, ce n&rsquo;est pas aussi grand que celui de Berne, mais c&rsquo;est l&rsquo;occasion d&rsquo;acheter des tresses d&rsquo;oignons. Le temps \u00e9tait cl\u00e9ment et la temp\u00e9rature agr\u00e9able pour une fin de mois d&rsquo;octobre. Il y a des stands des mara\u00eechers du [&hellip;]<\/p>\n","protected":false},"author":1,"featured_media":0,"comment_status":"open","ping_status":"open","sticky":false,"template":"","format":"standard","meta":{"footnotes":""},"categories":[6,26],"tags":[],"_links":{"self":[{"href":"https:\/\/uppg.org\/wordpress\/index.php?rest_route=\/wp\/v2\/posts\/271"}],"collection":[{"href":"https:\/\/uppg.org\/wordpress\/index.php?rest_route=\/wp\/v2\/posts"}],"about":[{"href":"https:\/\/uppg.org\/wordpress\/index.php?rest_route=\/wp\/v2\/types\/post"}],"author":[{"embeddable":true,"href":"https:\/\/uppg.org\/wordpress\/index.php?rest_route=\/wp\/v2\/users\/1"}],"replies":[{"embeddable":true,"href":"https:\/\/uppg.org\/wordpress\/index.php?rest_route=%2Fwp%2Fv2%2Fcomments&post=271"}],"version-history":[{"count":8,"href":"https:\/\/uppg.org\/wordpress\/index.php?rest_route=\/wp\/v2\/posts\/271\/revisions"}],"predecessor-version":[{"id":284,"href":"https:\/\/uppg.org\/wordpress\/index.php?rest_route=\/wp\/v2\/posts\/271\/revisions\/284"}],"wp:attachment":[{"href":"https:\/\/uppg.org\/wordpress\/index.php?rest_route=%2Fwp%2Fv2%2Fmedia&parent=271"}],"wp:term":[{"taxonomy":"category","embeddable":true,"href":"https:\/\/uppg.org\/wordpress\/index.php?rest_route=%2Fwp%2Fv2%2Fcategories&post=271"},{"taxonomy":"post_tag","embeddable":true,"href":"https:\/\/uppg.org\/wordpress\/index.php?rest_route=%2Fwp%2Fv2%2Ftags&post=271"}],"curies":[{"name":"wp","href":"https:\/\/api.w.org\/{rel}","templated":true}]}}