{"id":288,"date":"2013-12-19T11:05:24","date_gmt":"2013-12-19T10:05:24","guid":{"rendered":"http:\/\/uppg.org\/wordpress\/?p=288"},"modified":"2013-12-23T08:46:27","modified_gmt":"2013-12-23T07:46:27","slug":"train-bus-ou-velo","status":"publish","type":"post","link":"https:\/\/uppg.org\/wordpress\/?p=288","title":{"rendered":"Train, bus ou v\u00e9lo?"},"content":{"rendered":"<p>L&rsquo;offre des transports public de la r\u00e9gion biennoise s&rsquo;est \u00e9toff\u00e9e depuis le changement d&rsquo;horaire de dimanche.<\/p>\n<p>Il y a cinq ans, si je voulais utiliser les transports publics pour aller travailler, je ne pouvais <strong>que<\/strong> prendre le train et le bus, je mettais 1 heure avec ces deux moyens de locomotion, sinon 12 minutes en voiture&#8230;<\/p>\n<p>Il y a trois ans, une ligne de <em>bus<\/em> a \u00e9t\u00e9 cr\u00e9\u00e9e depuis mon village avec un arr\u00eat \u00e0 100 m d&rsquo;o\u00f9 je bosse, je mettais 25 minutes.<\/p>\n<p>Depuis lundi l&rsquo;arr\u00eat \u00e0 100 m n&rsquo;est plus desservi par cette ligne, mais il y a une <strong>gare<\/strong> \u00e0 50 m de mon travail et un <strong>train<\/strong> s&rsquo;arr\u00eate toutes les demi-heures. En plus il y a une station de <a href=\"http:\/\/www.velospot.ch\/index.php?lang=fr\"><strong>velospot<\/strong><\/a> pour se d\u00e9placer \u00e9cologique dans toute la ville.<\/p>\n<div id=\"attachment_303\" style=\"width: 675px\" class=\"wp-caption aligncenter\"><img loading=\"lazy\" decoding=\"async\" aria-describedby=\"caption-attachment-303\" src=\"https:\/\/uppg.org\/wordpress\/wp-content\/uploads\/2013\/12\/DSCN0181_blog.jpg\" alt=\"La nouvelle gare des Champs-de-Boujean de son vrai nom   Biel\/Bienne-B\u00f6zingenfeld-Champs-de-Boujean.\" width=\"665\" height=\"443\" class=\"size-full wp-image-303\" srcset=\"https:\/\/uppg.org\/wordpress\/wp-content\/uploads\/2013\/12\/DSCN0181_blog.jpg 665w, https:\/\/uppg.org\/wordpress\/wp-content\/uploads\/2013\/12\/DSCN0181_blog-300x199.jpg 300w\" sizes=\"(max-width: 665px) 100vw, 665px\" \/><p id=\"caption-attachment-303\" class=\"wp-caption-text\">]<a href=\"https:\/\/uppg.org\/wordpress\/wp-content\/uploads\/2013\/12\/DSCN0181_blog.jpg\">1<\/a> La nouvelle gare des Champs-de-Boujean de son vrai nom<br \/>\n&lt;+> Biel\/Bienne-B\u00f6zingenfeld-Champs-de-Boujean.<\/p><\/div>\n<p>Surtout que des bruits<sup id=\"fnref:1\"><a href=\"#fn:1\" rel=\"footnote\">1<\/a><\/sup> courent que les places de parc de l&rsquo;entreprise deviendront payantes pour les employ\u00e9s&#8230;<\/p>\n<div class=\"footnotes\">\n<hr \/>\n<ol>\n<li id=\"fn:1\">\n<p>A partir de 2014 ce ne sont plus des bruits malheureusement.&#160;<a href=\"#fnref:1\" rev=\"footnote\">&#8617;<\/a><\/p>\n<\/li>\n<\/ol>\n<\/div>\n","protected":false},"excerpt":{"rendered":"<p>L&rsquo;offre des transports public de la r\u00e9gion biennoise s&rsquo;est \u00e9toff\u00e9e depuis le changement d&rsquo;horaire de dimanche. Il y a cinq ans, si je voulais utiliser les transports publics pour aller travailler, je ne pouvais que prendre le train et le bus, je mettais 1 heure avec ces deux moyens de locomotion, sinon 12 minutes en [&hellip;]<\/p>\n","protected":false},"author":1,"featured_media":0,"comment_status":"open","ping_status":"open","sticky":false,"template":"","format":"standard","meta":{"footnotes":""},"categories":[6,23],"tags":[29],"_links":{"self":[{"href":"https:\/\/uppg.org\/wordpress\/index.php?rest_route=\/wp\/v2\/posts\/288"}],"collection":[{"href":"https:\/\/uppg.org\/wordpress\/index.php?rest_route=\/wp\/v2\/posts"}],"about":[{"href":"https:\/\/uppg.org\/wordpress\/index.php?rest_route=\/wp\/v2\/types\/post"}],"author":[{"embeddable":true,"href":"https:\/\/uppg.org\/wordpress\/index.php?rest_route=\/wp\/v2\/users\/1"}],"replies":[{"embeddable":true,"href":"https:\/\/uppg.org\/wordpress\/index.php?rest_route=%2Fwp%2Fv2%2Fcomments&post=288"}],"version-history":[{"count":21,"href":"https:\/\/uppg.org\/wordpress\/index.php?rest_route=\/wp\/v2\/posts\/288\/revisions"}],"predecessor-version":[{"id":312,"href":"https:\/\/uppg.org\/wordpress\/index.php?rest_route=\/wp\/v2\/posts\/288\/revisions\/312"}],"wp:attachment":[{"href":"https:\/\/uppg.org\/wordpress\/index.php?rest_route=%2Fwp%2Fv2%2Fmedia&parent=288"}],"wp:term":[{"taxonomy":"category","embeddable":true,"href":"https:\/\/uppg.org\/wordpress\/index.php?rest_route=%2Fwp%2Fv2%2Fcategories&post=288"},{"taxonomy":"post_tag","embeddable":true,"href":"https:\/\/uppg.org\/wordpress\/index.php?rest_route=%2Fwp%2Fv2%2Ftags&post=288"}],"curies":[{"name":"wp","href":"https:\/\/api.w.org\/{rel}","templated":true}]}}