{"id":363,"date":"2014-04-09T23:17:33","date_gmt":"2014-04-09T21:17:33","guid":{"rendered":"http:\/\/uppg.org\/wordpress\/?p=363"},"modified":"2014-04-09T23:20:25","modified_gmt":"2014-04-09T21:20:25","slug":"cest-le-printemps","status":"publish","type":"post","link":"https:\/\/uppg.org\/wordpress\/?p=363","title":{"rendered":"C&rsquo;est le printemps"},"content":{"rendered":"<p>J&rsquo;ai profit\u00e9 de ces quelques jours de beau pour aller faire un tour dans le jardin et dans les vergers au Jura. Les arbres sont en fleurs et les jonquilles et autres narcisses fleurissent. Cela fait du bien de pouvoir rester un peu dehors apr\u00e8s une journ\u00e9e de boulot et de d\u00e9sherber dans le jardin.<\/p>\n<p>Ce soir, c&rsquo;est un bac de pissenlits que j&rsquo;ai enlev\u00e9 avec l&rsquo;outil de <em>comp\u00e9tition<\/em> de #<strong><a href=\"http:\/\/www.fiskars.fr\/Jardinage\/Produits\/Entretien-de-la-pelouse\/Desherbeurs\/139910-Desherbeur-W52\">Fiskars<\/a><\/strong>. Je pourrais faire un test ou un article sur cet outil.<\/p>\n<div id=\"attachment_365\" style=\"width: 1010px\" class=\"wp-caption aligncenter\"><img loading=\"lazy\" decoding=\"async\" aria-describedby=\"caption-attachment-365\" src=\"https:\/\/uppg.org\/wordpress\/wp-content\/uploads\/2014\/04\/Printemps_Fredges_06042014_DSC_1938-002_blog.jpg\" alt=\"Pommier en fleurs\" width=\"1000\" height=\"664\" class=\"size-full wp-image-365\" srcset=\"https:\/\/uppg.org\/wordpress\/wp-content\/uploads\/2014\/04\/Printemps_Fredges_06042014_DSC_1938-002_blog.jpg 1000w, https:\/\/uppg.org\/wordpress\/wp-content\/uploads\/2014\/04\/Printemps_Fredges_06042014_DSC_1938-002_blog-300x199.jpg 300w\" sizes=\"(max-width: 1000px) 100vw, 1000px\" \/><p id=\"caption-attachment-365\" class=\"wp-caption-text\">]<a href=\"https:\/\/uppg.org\/wordpress\/wp-content\/uploads\/2014\/04\/Printemps_Fredges_06042014_DSC_1938-002_blog.jpg\">2<\/a> Pommier en fleurs<\/p><\/div>\n<div id=\"attachment_364\" style=\"width: 1010px\" class=\"wp-caption aligncenter\"><img loading=\"lazy\" decoding=\"async\" aria-describedby=\"caption-attachment-364\" src=\"https:\/\/uppg.org\/wordpress\/wp-content\/uploads\/2014\/04\/Printemps_Corge_29032014_DSC_1898-005_blog.jpg\" alt=\"Jonquille\" width=\"1000\" height=\"664\" class=\"size-full wp-image-364\" srcset=\"https:\/\/uppg.org\/wordpress\/wp-content\/uploads\/2014\/04\/Printemps_Corge_29032014_DSC_1898-005_blog.jpg 1000w, https:\/\/uppg.org\/wordpress\/wp-content\/uploads\/2014\/04\/Printemps_Corge_29032014_DSC_1898-005_blog-300x199.jpg 300w\" sizes=\"(max-width: 1000px) 100vw, 1000px\" \/><p id=\"caption-attachment-364\" class=\"wp-caption-text\">]<a href=\"https:\/\/uppg.org\/wordpress\/wp-content\/uploads\/2014\/04\/Printemps_Corge_29032014_DSC_1898-005_blog.jpg\">3<\/a> Jonquille<\/p><\/div>\n<p>La jonquille pousse dans notre jardin, les pommiers au Jura.<\/p>\n<p>Ces derniers temps j&rsquo;ai eu pas mal de boulot avec une s\u00e9rie de photos d&rsquo;un mariage \u00e0 trier. Pour permettre aux personnes int\u00e9ress\u00e9es de les visualiser, j&rsquo;ai export\u00e9 les photos sur le site <a href=\"http:\/\/www.uppg.org\/koken\/\">photo.uppg.org<\/a> dans un dossier accessible seulement avec un lien sp\u00e9cifique. Les photos familiales ne sont pas publiques.<\/p>\n<p>A plus<\/p>\n<p>LePalou<\/p>\n","protected":false},"excerpt":{"rendered":"<p>J&rsquo;ai profit\u00e9 de ces quelques jours de beau pour aller faire un tour dans le jardin et dans les vergers au Jura. Les arbres sont en fleurs et les jonquilles et autres narcisses fleurissent. Cela fait du bien de pouvoir rester un peu dehors apr\u00e8s une journ\u00e9e de boulot et de d\u00e9sherber dans le jardin. [&hellip;]<\/p>\n","protected":false},"author":1,"featured_media":0,"comment_status":"open","ping_status":"open","sticky":false,"template":"","format":"standard","meta":{"footnotes":""},"categories":[6,4,26,5],"tags":[],"_links":{"self":[{"href":"https:\/\/uppg.org\/wordpress\/index.php?rest_route=\/wp\/v2\/posts\/363"}],"collection":[{"href":"https:\/\/uppg.org\/wordpress\/index.php?rest_route=\/wp\/v2\/posts"}],"about":[{"href":"https:\/\/uppg.org\/wordpress\/index.php?rest_route=\/wp\/v2\/types\/post"}],"author":[{"embeddable":true,"href":"https:\/\/uppg.org\/wordpress\/index.php?rest_route=\/wp\/v2\/users\/1"}],"replies":[{"embeddable":true,"href":"https:\/\/uppg.org\/wordpress\/index.php?rest_route=%2Fwp%2Fv2%2Fcomments&post=363"}],"version-history":[{"count":8,"href":"https:\/\/uppg.org\/wordpress\/index.php?rest_route=\/wp\/v2\/posts\/363\/revisions"}],"predecessor-version":[{"id":375,"href":"https:\/\/uppg.org\/wordpress\/index.php?rest_route=\/wp\/v2\/posts\/363\/revisions\/375"}],"wp:attachment":[{"href":"https:\/\/uppg.org\/wordpress\/index.php?rest_route=%2Fwp%2Fv2%2Fmedia&parent=363"}],"wp:term":[{"taxonomy":"category","embeddable":true,"href":"https:\/\/uppg.org\/wordpress\/index.php?rest_route=%2Fwp%2Fv2%2Fcategories&post=363"},{"taxonomy":"post_tag","embeddable":true,"href":"https:\/\/uppg.org\/wordpress\/index.php?rest_route=%2Fwp%2Fv2%2Ftags&post=363"}],"curies":[{"name":"wp","href":"https:\/\/api.w.org\/{rel}","templated":true}]}}