{"id":413,"date":"2014-07-18T08:30:45","date_gmt":"2014-07-18T06:30:45","guid":{"rendered":"http:\/\/uppg.org\/wordpress\/?p=413"},"modified":"2014-07-19T23:05:43","modified_gmt":"2014-07-19T21:05:43","slug":"cueillette-au-jardin","status":"publish","type":"post","link":"https:\/\/uppg.org\/wordpress\/?p=413","title":{"rendered":"Cueillette au jardin"},"content":{"rendered":"<p>Apr\u00e8s une semaine de pluie et de froid, \u00e0 se demander si on \u00e9tait en mars ou en novembre, le soleil est revenu sur notre r\u00e9gion.<\/p>\n<p>On en a profit\u00e9 pour cueillir de petites baies, des <em>groseilles \u00e0 maquereau<\/em>, des <em>raisinets<\/em><sup id=\"fnref:1\"><a href=\"#fn:1\" rel=\"footnote\">1<\/a><\/sup>, <em>cassis<\/em>, les m\u00fbres ne sont pas mures.<\/p>\n<p>Le cong\u00e9lateur se remplit gentiment et on va transformer en confiture tout cela pendant les longues soir\u00e9es d&rsquo;hiver.<\/p>\n<p><a href=\"https:\/\/uppg.org\/wordpress\/wp-content\/uploads\/2014\/07\/Jardin_Corge_16072014_DSC_3664-043_blog.jpg\"><img loading=\"lazy\" decoding=\"async\" src=\"https:\/\/uppg.org\/wordpress\/wp-content\/uploads\/2014\/07\/Jardin_Corge_16072014_DSC_3664-043_blog.jpg\" alt=\"Jardin_Corge_16072014_DSC_3664-043_blog\" width=\"664\" height=\"1000\" class=\"aligncenter size-full wp-image-407\" srcset=\"https:\/\/uppg.org\/wordpress\/wp-content\/uploads\/2014\/07\/Jardin_Corge_16072014_DSC_3664-043_blog.jpg 664w, https:\/\/uppg.org\/wordpress\/wp-content\/uploads\/2014\/07\/Jardin_Corge_16072014_DSC_3664-043_blog-199x300.jpg 199w\" sizes=\"(max-width: 664px) 100vw, 664px\" \/><\/a><\/p>\n<p><a href=\"https:\/\/uppg.org\/wordpress\/wp-content\/uploads\/2014\/07\/Jardin_Corge_16072014_DSC_3665-044_blog.jpg\"><img loading=\"lazy\" decoding=\"async\" src=\"https:\/\/uppg.org\/wordpress\/wp-content\/uploads\/2014\/07\/Jardin_Corge_16072014_DSC_3665-044_blog.jpg\" alt=\"Jardin_Corge_16072014_DSC_3665-044_blog\" width=\"664\" height=\"1000\" class=\"aligncenter size-full wp-image-406\" srcset=\"https:\/\/uppg.org\/wordpress\/wp-content\/uploads\/2014\/07\/Jardin_Corge_16072014_DSC_3665-044_blog.jpg 664w, https:\/\/uppg.org\/wordpress\/wp-content\/uploads\/2014\/07\/Jardin_Corge_16072014_DSC_3665-044_blog-199x300.jpg 199w\" sizes=\"(max-width: 664px) 100vw, 664px\" \/><\/a><\/p>\n<p><a href=\"https:\/\/uppg.org\/wordpress\/wp-content\/uploads\/2014\/07\/Jardin_Corge_16072014_DSC_3667-046_blog.jpg\"><img loading=\"lazy\" decoding=\"async\" src=\"https:\/\/uppg.org\/wordpress\/wp-content\/uploads\/2014\/07\/Jardin_Corge_16072014_DSC_3667-046_blog.jpg\" alt=\"Jardin_Corge_16072014_DSC_3667-046_blog\" width=\"664\" height=\"1000\" class=\"aligncenter size-full wp-image-405\" srcset=\"https:\/\/uppg.org\/wordpress\/wp-content\/uploads\/2014\/07\/Jardin_Corge_16072014_DSC_3667-046_blog.jpg 664w, https:\/\/uppg.org\/wordpress\/wp-content\/uploads\/2014\/07\/Jardin_Corge_16072014_DSC_3667-046_blog-199x300.jpg 199w\" sizes=\"(max-width: 664px) 100vw, 664px\" \/><\/a><\/p>\n<p>C&rsquo;\u00e9tait int\u00e9ressant de voir un <em>poireau<\/em> qui s&rsquo;est transform\u00e9 entre le matin et le soir.<\/p>\n<p><a href=\"https:\/\/uppg.org\/wordpress\/wp-content\/uploads\/2014\/07\/Jardin_Corge_16072014_DSC_3633-013_blog.jpg\"><img loading=\"lazy\" decoding=\"async\" src=\"https:\/\/uppg.org\/wordpress\/wp-content\/uploads\/2014\/07\/Jardin_Corge_16072014_DSC_3633-013_blog.jpg\" alt=\"Jardin_Corge_16072014_DSC_3633-013_blog\" width=\"664\" height=\"1000\" class=\"aligncenter size-full wp-image-411\" srcset=\"https:\/\/uppg.org\/wordpress\/wp-content\/uploads\/2014\/07\/Jardin_Corge_16072014_DSC_3633-013_blog.jpg 664w, https:\/\/uppg.org\/wordpress\/wp-content\/uploads\/2014\/07\/Jardin_Corge_16072014_DSC_3633-013_blog-199x300.jpg 199w\" sizes=\"(max-width: 664px) 100vw, 664px\" \/><\/a><\/p>\n<p><a href=\"https:\/\/uppg.org\/wordpress\/wp-content\/uploads\/2014\/07\/Jardin_Corge_16072014_DSC_3653-032_blog.jpg\"><img loading=\"lazy\" decoding=\"async\" src=\"https:\/\/uppg.org\/wordpress\/wp-content\/uploads\/2014\/07\/Jardin_Corge_16072014_DSC_3653-032_blog.jpg\" alt=\"Jardin_Corge_16072014_DSC_3653-032_blog\" width=\"664\" height=\"1000\" class=\"aligncenter size-full wp-image-408\" srcset=\"https:\/\/uppg.org\/wordpress\/wp-content\/uploads\/2014\/07\/Jardin_Corge_16072014_DSC_3653-032_blog.jpg 664w, https:\/\/uppg.org\/wordpress\/wp-content\/uploads\/2014\/07\/Jardin_Corge_16072014_DSC_3653-032_blog-199x300.jpg 199w\" sizes=\"(max-width: 664px) 100vw, 664px\" \/><\/a><\/p>\n<p>La deuxi\u00e8me photo du m\u00eame poireau, prise le soir.<\/p>\n<p>Et d&rsquo;autres photos sont visibles sur <a href=\"http:\/\/www.uppg.org\/koken\/albums\/\">photo.uppg.org<\/a><\/p>\n<p>A+<\/p>\n<p>LePalou<\/p>\n<div class=\"footnotes\">\n<hr \/>\n<ol>\n<li id=\"fn:1\">\n<p><em>Raisinets<\/em>, nom donn\u00e9 aux <em>groseilles rouges<\/em> en Suisse romande&#160;<a href=\"#fnref:1\" rev=\"footnote\">&#8617;<\/a><\/p>\n<\/li>\n<\/ol>\n<\/div>\n","protected":false},"excerpt":{"rendered":"<p>Apr\u00e8s une semaine de pluie et de froid, \u00e0 se demander si on \u00e9tait en mars ou en novembre, le soleil est revenu sur notre r\u00e9gion. On en a profit\u00e9 pour cueillir de petites baies, des groseilles \u00e0 maquereau, des raisinets1, cassis, les m\u00fbres ne sont pas mures. Le cong\u00e9lateur se remplit gentiment et on [&hellip;]<\/p>\n","protected":false},"author":1,"featured_media":0,"comment_status":"open","ping_status":"open","sticky":false,"template":"","format":"standard","meta":{"footnotes":""},"categories":[6,26],"tags":[],"_links":{"self":[{"href":"https:\/\/uppg.org\/wordpress\/index.php?rest_route=\/wp\/v2\/posts\/413"}],"collection":[{"href":"https:\/\/uppg.org\/wordpress\/index.php?rest_route=\/wp\/v2\/posts"}],"about":[{"href":"https:\/\/uppg.org\/wordpress\/index.php?rest_route=\/wp\/v2\/types\/post"}],"author":[{"embeddable":true,"href":"https:\/\/uppg.org\/wordpress\/index.php?rest_route=\/wp\/v2\/users\/1"}],"replies":[{"embeddable":true,"href":"https:\/\/uppg.org\/wordpress\/index.php?rest_route=%2Fwp%2Fv2%2Fcomments&post=413"}],"version-history":[{"count":15,"href":"https:\/\/uppg.org\/wordpress\/index.php?rest_route=\/wp\/v2\/posts\/413\/revisions"}],"predecessor-version":[{"id":428,"href":"https:\/\/uppg.org\/wordpress\/index.php?rest_route=\/wp\/v2\/posts\/413\/revisions\/428"}],"wp:attachment":[{"href":"https:\/\/uppg.org\/wordpress\/index.php?rest_route=%2Fwp%2Fv2%2Fmedia&parent=413"}],"wp:term":[{"taxonomy":"category","embeddable":true,"href":"https:\/\/uppg.org\/wordpress\/index.php?rest_route=%2Fwp%2Fv2%2Fcategories&post=413"},{"taxonomy":"post_tag","embeddable":true,"href":"https:\/\/uppg.org\/wordpress\/index.php?rest_route=%2Fwp%2Fv2%2Ftags&post=413"}],"curies":[{"name":"wp","href":"https:\/\/api.w.org\/{rel}","templated":true}]}}