{"id":431,"date":"2014-08-03T14:32:01","date_gmt":"2014-08-03T12:32:01","guid":{"rendered":"http:\/\/uppg.org\/wordpress\/?p=431"},"modified":"2014-08-03T22:08:40","modified_gmt":"2014-08-03T20:08:40","slug":"vacances-bienvenues","status":"publish","type":"post","link":"https:\/\/uppg.org\/wordpress\/?p=431","title":{"rendered":"Vacances bienvenues"},"content":{"rendered":"<p>C&rsquo;est le dernier jour des vacances et il pleut pour changer&#8230; (Changer de parapluie tellement il est mouill\u00e9?) Blague qui fait un effet de p\u00e9tard mouill\u00e9.<\/p>\n<p>Je mets de l&rsquo;ordre dans les derni\u00e8res photos, une s\u00e9lection se trouve <a href=\"http:\/\/www.uppg.org\/koken\/albums\/\">ici<\/a> On est sorti vu que le soleil est revenu.<\/p>\n<p>Pour ces vacances on s\u2019est trouv\u00e9, au dernier moment, un petit studio \u00e0 <strong>Adelboden<\/strong> pour quelques jours, pour pas trop cher.<\/p>\n<p><a href=\"https:\/\/uppg.org\/wordpress\/wp-content\/uploads\/2014\/08\/vac_ete_24072014_DSC_3918-013_blog.jpg\"><img loading=\"lazy\" decoding=\"async\" src=\"https:\/\/uppg.org\/wordpress\/wp-content\/uploads\/2014\/08\/vac_ete_24072014_DSC_3918-013_blog.jpg\" alt=\"vac_ete_24072014_DSC_3918-013_blog\" width=\"1000\" height=\"664\" class=\"aligncenter size-full wp-image-445\" srcset=\"https:\/\/uppg.org\/wordpress\/wp-content\/uploads\/2014\/08\/vac_ete_24072014_DSC_3918-013_blog.jpg 1000w, https:\/\/uppg.org\/wordpress\/wp-content\/uploads\/2014\/08\/vac_ete_24072014_DSC_3918-013_blog-300x199.jpg 300w\" sizes=\"(max-width: 1000px) 100vw, 1000px\" \/><\/a><\/p>\n<p>En arrivant le mercredi, on a visit\u00e9 le mus\u00e9e du village seulement ouvert le mercredi apr\u00e8s-midi et la <em>Coop<\/em><sup id=\"fnref:1\"><a href=\"#fn:1\" rel=\"footnote\">1<\/a><\/sup><\/p>\n<p><a href=\"https:\/\/uppg.org\/wordpress\/wp-content\/uploads\/2014\/08\/Vac_ete_23072014_DSCN1168-001_blog.jpg\"><img loading=\"lazy\" decoding=\"async\" src=\"https:\/\/uppg.org\/wordpress\/wp-content\/uploads\/2014\/08\/Vac_ete_23072014_DSCN1168-001_blog.jpg\" alt=\"Vac_ete_23072014_DSCN1168-001_blog\" width=\"1000\" height=\"750\" class=\"aligncenter size-full wp-image-433\" srcset=\"https:\/\/uppg.org\/wordpress\/wp-content\/uploads\/2014\/08\/Vac_ete_23072014_DSCN1168-001_blog.jpg 1000w, https:\/\/uppg.org\/wordpress\/wp-content\/uploads\/2014\/08\/Vac_ete_23072014_DSCN1168-001_blog-300x225.jpg 300w\" sizes=\"(max-width: 1000px) 100vw, 1000px\" \/><\/a> Ces deux b\u00e2timents ci-dessus contrastent avec les h\u00f4tels de luxe, un peu plus haut dans la rue, photo du ci-dessous. <a href=\"https:\/\/uppg.org\/wordpress\/wp-content\/uploads\/2014\/08\/vac_ete_24072014_DSC_3930-025_blog.jpg\"><img loading=\"lazy\" decoding=\"async\" src=\"https:\/\/uppg.org\/wordpress\/wp-content\/uploads\/2014\/08\/vac_ete_24072014_DSC_3930-025_blog.jpg\" alt=\"vac_ete_24072014_DSC_3930-025_blog\" width=\"1000\" height=\"664\" class=\"aligncenter size-full wp-image-434\" srcset=\"https:\/\/uppg.org\/wordpress\/wp-content\/uploads\/2014\/08\/vac_ete_24072014_DSC_3930-025_blog.jpg 1000w, https:\/\/uppg.org\/wordpress\/wp-content\/uploads\/2014\/08\/vac_ete_24072014_DSC_3930-025_blog-300x199.jpg 300w\" sizes=\"(max-width: 1000px) 100vw, 1000px\" \/><\/a><\/p>\n<p>Le jeudi, temps mitig\u00e9 le matin \u00e0 10 h qui a tourn\u00e9 \u00e0 de la grosse pluie jusqu\u2019\u00e0 14 h. En fait le matin on est parti pour le jardin alpin, mais comme il pleuvait trop, on est rentr\u00e9 d\u00eener sans oublier de passer \u00e0 la <em>kop\u00e8<\/em> et on est reparti l\u2019apr\u00e8s-midi, au sec pour finir sous la pluie.<\/p>\n<p>Vendredi on a pris un t\u00e9l\u00e9f\u00e9rique, pour grimper sur un plateau \u00e0 1964 m au nom impronon\u00e7able <em>Engstligenalp<\/em>, connu pour sa mont\u00e9e \u00e0 l\u2019alpage pittoresque et sa chute d\u2019eau impressionnante. Surtout avec la pluie des derniers jours.<\/p>\n<p><a href=\"https:\/\/uppg.org\/wordpress\/wp-content\/uploads\/2014\/08\/vac_ete_25072014_DSC_3936-031_blog.jpg\"><img loading=\"lazy\" decoding=\"async\" src=\"https:\/\/uppg.org\/wordpress\/wp-content\/uploads\/2014\/08\/vac_ete_25072014_DSC_3936-031_blog.jpg\" alt=\"vac_ete_25072014_DSC_3936-031_blog\" width=\"1000\" height=\"664\" class=\"aligncenter size-full wp-image-443\" srcset=\"https:\/\/uppg.org\/wordpress\/wp-content\/uploads\/2014\/08\/vac_ete_25072014_DSC_3936-031_blog.jpg 1000w, https:\/\/uppg.org\/wordpress\/wp-content\/uploads\/2014\/08\/vac_ete_25072014_DSC_3936-031_blog-300x199.jpg 300w\" sizes=\"(max-width: 1000px) 100vw, 1000px\" \/><\/a><\/p>\n<p>Ma petite femme n\u2019\u00e9tait pas rassur\u00e9e par les balancements de cet engin, mais elle a surmont\u00e9e sa peur. On est redescendu sain et sauf. Sur l&rsquo;alpage, rencontre avec les ch\u00e8vres qui qu\u00e9mandaient aux touristes les restes du pique-nique, Lydie s&rsquo;est fait une copine en lui donnant du sel. Pour s&rsquo;en d\u00e9barrasser, il a fallu mettre du sel sur une pierre et partir. Aujourd\u2019hui, il faisait beau, pas besoin de visiter la <em>kop\u00e8<\/em>.<\/p>\n<p><a href=\"https:\/\/uppg.org\/wordpress\/wp-content\/uploads\/2014\/08\/vac_ete_25072014_DSC_3965-059_blog.jpg\"><img loading=\"lazy\" decoding=\"async\" src=\"https:\/\/uppg.org\/wordpress\/wp-content\/uploads\/2014\/08\/vac_ete_25072014_DSC_3965-059_blog.jpg\" alt=\"vac_ete_25072014_DSC_3965-059_blog\" width=\"1000\" height=\"664\" class=\"aligncenter size-full wp-image-446\" srcset=\"https:\/\/uppg.org\/wordpress\/wp-content\/uploads\/2014\/08\/vac_ete_25072014_DSC_3965-059_blog.jpg 1000w, https:\/\/uppg.org\/wordpress\/wp-content\/uploads\/2014\/08\/vac_ete_25072014_DSC_3965-059_blog-300x199.jpg 300w\" sizes=\"(max-width: 1000px) 100vw, 1000px\" \/><\/a> Samedi la pluie est annonc\u00e9e pour la journ\u00e9e, on a visit\u00e9 le mus\u00e9e rural [<em>Ballenberg<\/em>] en partie dehors et en partie dans des maisons. Il y a toujours des nouvelles maisons \u00e0 visiter, mais attention aux portes tr\u00e8s basses, n\u2019est-ce pas&#8230; Heureusement la casquette a amorti les chocs. Je me suis tap\u00e9 la t\u00eate deux fois&#8230;<\/p>\n<p><a href=\"https:\/\/uppg.org\/wordpress\/wp-content\/uploads\/2014\/08\/Vac_ete_26072014_DSCN1202-034_blog.jpg\"><img loading=\"lazy\" decoding=\"async\" src=\"https:\/\/uppg.org\/wordpress\/wp-content\/uploads\/2014\/08\/Vac_ete_26072014_DSCN1202-034_blog.jpg\" alt=\"Vac_ete_26072014_DSCN1202-034_blog\" width=\"1000\" height=\"563\" class=\"aligncenter size-full wp-image-436\" srcset=\"https:\/\/uppg.org\/wordpress\/wp-content\/uploads\/2014\/08\/Vac_ete_26072014_DSCN1202-034_blog.jpg 1000w, https:\/\/uppg.org\/wordpress\/wp-content\/uploads\/2014\/08\/Vac_ete_26072014_DSCN1202-034_blog-300x168.jpg 300w\" sizes=\"(max-width: 1000px) 100vw, 1000px\" \/><\/a><\/p>\n<p><a href=\"https:\/\/uppg.org\/wordpress\/wp-content\/uploads\/2014\/08\/Vac_ete_26072014_DSCN1194-026_blog.jpg\"><img loading=\"lazy\" decoding=\"async\" src=\"https:\/\/uppg.org\/wordpress\/wp-content\/uploads\/2014\/08\/Vac_ete_26072014_DSCN1194-026_blog.jpg\" alt=\"Vac_ete_26072014_DSCN1194-026_blog\" width=\"1000\" height=\"563\" class=\"aligncenter size-full wp-image-437\" srcset=\"https:\/\/uppg.org\/wordpress\/wp-content\/uploads\/2014\/08\/Vac_ete_26072014_DSCN1194-026_blog.jpg 1000w, https:\/\/uppg.org\/wordpress\/wp-content\/uploads\/2014\/08\/Vac_ete_26072014_DSCN1194-026_blog-300x168.jpg 300w\" sizes=\"(max-width: 1000px) 100vw, 1000px\" \/><\/a><\/p>\n<p>Dimanche c\u2019est d\u00e9j\u00e0 le retour \u00e0 la maison, mais on s&rsquo;est arr\u00eat\u00e9 \u00e0 <strong>Thoune<\/strong>, visiter le ch\u00e2teau, qui disparaissait \u00e0 chaque virage et qui r\u00e9apparaissait plus loin. Pour finir on l&rsquo;a trouv\u00e9, il faut que j&rsquo;investisse dans un GPS.<\/p>\n<p><a href=\"https:\/\/uppg.org\/wordpress\/wp-content\/uploads\/2014\/08\/vac_ete_27072014_DSC_4053-146_blog.jpg\"><img loading=\"lazy\" decoding=\"async\" src=\"https:\/\/uppg.org\/wordpress\/wp-content\/uploads\/2014\/08\/vac_ete_27072014_DSC_4053-146_blog.jpg\" alt=\"vac_ete_27072014_DSC_4053-146_blog\" width=\"1000\" height=\"664\" class=\"aligncenter size-full wp-image-451\" srcset=\"https:\/\/uppg.org\/wordpress\/wp-content\/uploads\/2014\/08\/vac_ete_27072014_DSC_4053-146_blog.jpg 1000w, https:\/\/uppg.org\/wordpress\/wp-content\/uploads\/2014\/08\/vac_ete_27072014_DSC_4053-146_blog-300x199.jpg 300w\" sizes=\"(max-width: 1000px) 100vw, 1000px\" \/><\/a><\/p>\n<p>A+<\/p>\n<p>LePalou<\/p>\n<p>Et d\u2019autres photos sont visibles sur <a href=\"http:\/\/www.uppg.org\/koken\/albums\/\">photo.uppg.org<\/a><\/p>\n<div class=\"footnotes\">\n<hr \/>\n<ol>\n<li id=\"fn:1\">\n<p>petit trip des vacances, il pleuvait alors on a visit\u00e9 la <em>kop\u00e8<\/em>. \u00abEn vacances, c&rsquo;est un bon endroit, il y a une <em>kop\u00e8<\/em>\u00bb, dixit nos grands-m\u00e8res.&#160;<a href=\"#fnref:1\" rev=\"footnote\">&#8617;<\/a><\/p>\n<\/li>\n<\/ol>\n<\/div>\n","protected":false},"excerpt":{"rendered":"<p>C&rsquo;est le dernier jour des vacances et il pleut pour changer&#8230; (Changer de parapluie tellement il est mouill\u00e9?) Blague qui fait un effet de p\u00e9tard mouill\u00e9. Je mets de l&rsquo;ordre dans les derni\u00e8res photos, une s\u00e9lection se trouve ici On est sorti vu que le soleil est revenu. Pour ces vacances on s\u2019est trouv\u00e9, au [&hellip;]<\/p>\n","protected":false},"author":1,"featured_media":0,"comment_status":"open","ping_status":"open","sticky":false,"template":"","format":"standard","meta":{"footnotes":""},"categories":[4,12],"tags":[],"_links":{"self":[{"href":"https:\/\/uppg.org\/wordpress\/index.php?rest_route=\/wp\/v2\/posts\/431"}],"collection":[{"href":"https:\/\/uppg.org\/wordpress\/index.php?rest_route=\/wp\/v2\/posts"}],"about":[{"href":"https:\/\/uppg.org\/wordpress\/index.php?rest_route=\/wp\/v2\/types\/post"}],"author":[{"embeddable":true,"href":"https:\/\/uppg.org\/wordpress\/index.php?rest_route=\/wp\/v2\/users\/1"}],"replies":[{"embeddable":true,"href":"https:\/\/uppg.org\/wordpress\/index.php?rest_route=%2Fwp%2Fv2%2Fcomments&post=431"}],"version-history":[{"count":21,"href":"https:\/\/uppg.org\/wordpress\/index.php?rest_route=\/wp\/v2\/posts\/431\/revisions"}],"predecessor-version":[{"id":464,"href":"https:\/\/uppg.org\/wordpress\/index.php?rest_route=\/wp\/v2\/posts\/431\/revisions\/464"}],"wp:attachment":[{"href":"https:\/\/uppg.org\/wordpress\/index.php?rest_route=%2Fwp%2Fv2%2Fmedia&parent=431"}],"wp:term":[{"taxonomy":"category","embeddable":true,"href":"https:\/\/uppg.org\/wordpress\/index.php?rest_route=%2Fwp%2Fv2%2Fcategories&post=431"},{"taxonomy":"post_tag","embeddable":true,"href":"https:\/\/uppg.org\/wordpress\/index.php?rest_route=%2Fwp%2Fv2%2Ftags&post=431"}],"curies":[{"name":"wp","href":"https:\/\/api.w.org\/{rel}","templated":true}]}}