{"id":465,"date":"2014-08-25T19:12:32","date_gmt":"2014-08-25T17:12:32","guid":{"rendered":"http:\/\/uppg.org\/wordpress\/?p=465"},"modified":"2014-08-25T19:12:32","modified_gmt":"2014-08-25T17:12:32","slug":"je-travaille-il-fait-beau","status":"publish","type":"post","link":"https:\/\/uppg.org\/wordpress\/?p=465","title":{"rendered":"Je travaille, il fait beau"},"content":{"rendered":"<p>Cette semaine on a \u00e9t\u00e9 g\u00e2t\u00e9 avec le temps, il n&rsquo;a pas plu. Voici une photo de de derri\u00e8re chez nous prise au petit matin. <img decoding=\"async\" src=\"http:\/\/www.uppg.org\/koken\/storage\/cache\/images\/001\/204\/matin-22082014-0102-007,medium_large.1408871904.jpg\" alt=\"Lever de soleil\" title=\"Lever de soleil prise \u00e0 5000 iso, oui il y a du *bruit* le matin\u2026\" \/><\/p>\n<p>La semaine prochaine j&rsquo;aurai un rendez-vous <em>-au-<\/em> chez la coiffeuse, je m\u00e9dite tous les matins en passant devant le champ de ma\u00efs, quelle coupe je vais choisir&#8230;<\/p>\n<p><img decoding=\"async\" src=\"http:\/\/www.uppg.org\/koken\/storage\/cache\/images\/001\/205\/matin-22082014-0105-007,medium_large.1408872091.jpg\" alt=\"Coupe de cheveux\" title=\"Choix de coupes de cheveux\" \/><\/p>\n<p>Cette ann\u00e9e la r\u00e9colte de fruits devrait est bonne, trois de nos pommiers-colonnes sont bien fournis en fruits. On se r\u00e9jouit de les go\u00fbter.<\/p>\n<p><img decoding=\"async\" src=\"http:\/\/www.uppg.org\/koken\/storage\/cache\/images\/001\/190\/Jardin-Corge-22082014-DSC-4225-012,medium_large.1408787351.jpg\" alt=\"pomme\" title=\"pommes de Corg\u00e9mont\" \/><\/p>\n<p>Nous sommes d\u00e9j\u00e0 dimanche, on va aller se promener au bord du lac. Non au bord de l&rsquo;Aar. Non \u00e0 l&rsquo;\u00e9tang de Gru\u00e8re&#8230; Mais faut que la cuisine soit propre avant de partir, la pluie attendra&#8230;<\/p>\n<p>(Edit du soir) La pluie a attendu, nous sommes all\u00e9s au bord de l&rsquo;Aar pour faire une promenade. quelques libellules volaient dans le coin, et hop dans la bo\u00eete&#8230;<\/p>\n<p><img decoding=\"async\" src=\"http:\/\/www.uppg.org\/koken\/storage\/cache\/images\/001\/208\/Prom-Aar-24082014-DSC-4271-026,medium_large.1408903857.jpg\" alt=\"Libellule\" title=\"Libellule\" \/><\/p>\n<p>LePalou<\/p>\n<p>Ma galerie sur photo.uppg.org Bonne visite<\/p>\n","protected":false},"excerpt":{"rendered":"<p>Cette semaine on a \u00e9t\u00e9 g\u00e2t\u00e9 avec le temps, il n&rsquo;a pas plu. Voici une photo de de derri\u00e8re chez nous prise au petit matin. La semaine prochaine j&rsquo;aurai un rendez-vous -au- chez la coiffeuse, je m\u00e9dite tous les matins en passant devant le champ de ma\u00efs, quelle coupe je vais choisir&#8230; Cette ann\u00e9e la [&hellip;]<\/p>\n","protected":false},"author":1,"featured_media":0,"comment_status":"open","ping_status":"open","sticky":false,"template":"","format":"standard","meta":{"footnotes":""},"categories":[4,12],"tags":[],"_links":{"self":[{"href":"https:\/\/uppg.org\/wordpress\/index.php?rest_route=\/wp\/v2\/posts\/465"}],"collection":[{"href":"https:\/\/uppg.org\/wordpress\/index.php?rest_route=\/wp\/v2\/posts"}],"about":[{"href":"https:\/\/uppg.org\/wordpress\/index.php?rest_route=\/wp\/v2\/types\/post"}],"author":[{"embeddable":true,"href":"https:\/\/uppg.org\/wordpress\/index.php?rest_route=\/wp\/v2\/users\/1"}],"replies":[{"embeddable":true,"href":"https:\/\/uppg.org\/wordpress\/index.php?rest_route=%2Fwp%2Fv2%2Fcomments&post=465"}],"version-history":[{"count":3,"href":"https:\/\/uppg.org\/wordpress\/index.php?rest_route=\/wp\/v2\/posts\/465\/revisions"}],"predecessor-version":[{"id":468,"href":"https:\/\/uppg.org\/wordpress\/index.php?rest_route=\/wp\/v2\/posts\/465\/revisions\/468"}],"wp:attachment":[{"href":"https:\/\/uppg.org\/wordpress\/index.php?rest_route=%2Fwp%2Fv2%2Fmedia&parent=465"}],"wp:term":[{"taxonomy":"category","embeddable":true,"href":"https:\/\/uppg.org\/wordpress\/index.php?rest_route=%2Fwp%2Fv2%2Fcategories&post=465"},{"taxonomy":"post_tag","embeddable":true,"href":"https:\/\/uppg.org\/wordpress\/index.php?rest_route=%2Fwp%2Fv2%2Ftags&post=465"}],"curies":[{"name":"wp","href":"https:\/\/api.w.org\/{rel}","templated":true}]}}