{"id":470,"date":"2014-10-13T20:22:46","date_gmt":"2014-10-13T18:22:46","guid":{"rendered":"http:\/\/uppg.org\/wordpress\/?p=470"},"modified":"2014-10-13T20:22:46","modified_gmt":"2014-10-13T18:22:46","slug":"pom-tchouc-pom-tchouc-pom","status":"publish","type":"post","link":"https:\/\/uppg.org\/wordpress\/?p=470","title":{"rendered":"Pom, Tchouc, Pom, Tchouc, Pom"},"content":{"rendered":"<p>Cette ann\u00e9e sera une bonne ann\u00e9e pour le jus de pomme, que ce soit au Jura ou dans le canton de Vaud, les pommiers et les poiriers sont charg\u00e9s de fruits.<\/p>\n<p>J&rsquo;ai eu la chance de visiter les <strong>vergers bio<\/strong> o\u00f9 travaille mon fils, ce qui est impressionnant ce sont les all\u00e9es d&rsquo;arbres avec les diff\u00e9rentes sortes de pommes et de poires, les filets contre la gr\u00eale.<\/p>\n<p><img decoding=\"async\" src=\"http:\/\/www.uppg.org\/koken\/storage\/cache\/images\/001\/253\/Anniv-mic-28092014-DSCN1514-037,medium_large.1413057792.jpg\" alt=\"verger bio\" title=\"Verger bio Aubonne\" \/><\/p>\n<p><img decoding=\"async\" src=\"http:\/\/www.uppg.org\/koken\/storage\/cache\/images\/001\/254\/Anniv-mic-28092014-DSC-4601-016,medium_large.1413057804.jpg\" alt=\"pommes\" title=\"Pommes\" \/><\/p>\n<p>Les pommes sont r\u00e9colt\u00e9es et une partie est livr\u00e9e pour les grandes surfaces de la r\u00e9gion et l&rsquo;autre partie est vendue dans le march\u00e9 de la ferme du producteur.<\/p>\n<p>Le jus de pomme du Jura est en commande chez moi (petite pub personnelle)<\/p>\n<p>Nous avons fait quelques visites ou sorties ces derni\u00e8res semaines, on a pu admirer les locomotives \u00e0 vapeur venues jusqu\u2019\u00e0 Reuchenette-P\u00e9ry. La <strong>Eb 3\/5 Nr. 5810<\/strong> qui a fait plusieurs fois le trajet <em>Bienne\u2013Reuchenette-P\u00e9ry\u2013Frinvilier\u2013Bienne<\/em> sur un week-end et la <strong>Pacific 01-202<\/strong> qui a fait <em>Lyss\u2013Reuchenette-P\u00e9ry<\/em> et retour la semaine suivante.<\/p>\n<p><img decoding=\"async\" src=\"http:\/\/www.uppg.org\/koken\/storage\/cache\/images\/001\/225\/Train-Vapeur-07092014-DSC-4441-007,large.1411237898.jpg\" alt=\"Loco Eb 3\/5 Nr. 5810\" title=\"Locomotive \u00e0 vapeur Eb 3\/5 Nr. 5810\" \/><\/p>\n<p><img decoding=\"async\" src=\"http:\/\/www.uppg.org\/koken\/storage\/cache\/images\/001\/235\/Train-Vapeur-14092014-DSC-4548-014,large.1411238081.jpg\" alt=\"Loco Pacific 01-202\" title=\"Locomotive \u00e0 vapeur Pacific 01-202\" \/><\/p>\n<p><strong>Le Salaire de la Suze<\/strong><\/p>\n<p>Une visite-spectacle \u00e0 <em>Courtelary<\/em> qui s&rsquo;intitule <em>Le Salaire de la Suze<\/em>, visite guid\u00e9e au travers le village agr\u00e9ment\u00e9e par des interventions d&rsquo;un com\u00e9dien tellement vraies qu&rsquo;on s&rsquo;y croyait. Nous avons eu bien du plaisir \u00e0 passer cette matin\u00e9e en si bonne compagnie.<\/p>\n<p><img decoding=\"async\" src=\"http:\/\/www.uppg.org\/koken\/storage\/cache\/images\/001\/258\/Salaire-Suze-05102014-DSCN1530-012,medium_large.1413058545.jpg\" alt=\"Le salaire de la Suze\" title=\"Le salaire de la Suze\" \/><\/p>\n<p>Pas de vacances pour moi ces temps, mais je vais me rattraper \u00e0 la fin de l&rsquo;ann\u00e9e. Ce n&rsquo;est pas moi sur la photo au-dessus. On est bien d&rsquo;accord \ud83d\ude42<\/p>\n<p>A+<\/p>\n<p>LePalou<\/p>\n<p>Et d\u2019autres photos sont visibles sur <a href=\"http:\/\/www.uppg.org\/koken\/albums\/\">photo.uppg.org<\/a><\/p>\n","protected":false},"excerpt":{"rendered":"<p>Cette ann\u00e9e sera une bonne ann\u00e9e pour le jus de pomme, que ce soit au Jura ou dans le canton de Vaud, les pommiers et les poiriers sont charg\u00e9s de fruits. J&rsquo;ai eu la chance de visiter les vergers bio o\u00f9 travaille mon fils, ce qui est impressionnant ce sont les all\u00e9es d&rsquo;arbres avec les [&hellip;]<\/p>\n","protected":false},"author":1,"featured_media":0,"comment_status":"open","ping_status":"open","sticky":false,"template":"","format":"standard","meta":{"footnotes":""},"categories":[4,12],"tags":[],"_links":{"self":[{"href":"https:\/\/uppg.org\/wordpress\/index.php?rest_route=\/wp\/v2\/posts\/470"}],"collection":[{"href":"https:\/\/uppg.org\/wordpress\/index.php?rest_route=\/wp\/v2\/posts"}],"about":[{"href":"https:\/\/uppg.org\/wordpress\/index.php?rest_route=\/wp\/v2\/types\/post"}],"author":[{"embeddable":true,"href":"https:\/\/uppg.org\/wordpress\/index.php?rest_route=\/wp\/v2\/users\/1"}],"replies":[{"embeddable":true,"href":"https:\/\/uppg.org\/wordpress\/index.php?rest_route=%2Fwp%2Fv2%2Fcomments&post=470"}],"version-history":[{"count":13,"href":"https:\/\/uppg.org\/wordpress\/index.php?rest_route=\/wp\/v2\/posts\/470\/revisions"}],"predecessor-version":[{"id":483,"href":"https:\/\/uppg.org\/wordpress\/index.php?rest_route=\/wp\/v2\/posts\/470\/revisions\/483"}],"wp:attachment":[{"href":"https:\/\/uppg.org\/wordpress\/index.php?rest_route=%2Fwp%2Fv2%2Fmedia&parent=470"}],"wp:term":[{"taxonomy":"category","embeddable":true,"href":"https:\/\/uppg.org\/wordpress\/index.php?rest_route=%2Fwp%2Fv2%2Fcategories&post=470"},{"taxonomy":"post_tag","embeddable":true,"href":"https:\/\/uppg.org\/wordpress\/index.php?rest_route=%2Fwp%2Fv2%2Ftags&post=470"}],"curies":[{"name":"wp","href":"https:\/\/api.w.org\/{rel}","templated":true}]}}