{"id":485,"date":"2014-11-16T11:03:25","date_gmt":"2014-11-16T10:03:25","guid":{"rendered":"http:\/\/uppg.org\/wordpress\/?p=485"},"modified":"2014-11-16T14:43:47","modified_gmt":"2014-11-16T13:43:47","slug":"novembre-froid-et-brouillard","status":"publish","type":"post","link":"https:\/\/uppg.org\/wordpress\/?p=485","title":{"rendered":"Novembre froid et brouillard"},"content":{"rendered":"<p><strong><em>Novembre froid et brouillard?<\/em><\/strong><\/p>\n<p>Quelle fut pas notre surprise de d\u00e9couvrir deux fleurs sur un pommier-colonne de notre jardin.<\/p>\n<p><img decoding=\"async\" src=\"http:\/\/www.uppg.org\/koken\/storage\/cache\/images\/001\/291\/Jardin-Corge-01112014-DSC-4751-042,medium_large.1415649353.jpg\" alt=\"Pommier-colonne en fleurs au mois de novembre\" title=\"Pommier en fleurs au mois de novembre\" \/><\/p>\n<p>Le mois de novembre est gris, mais cette ann\u00e9e on a eu un automne qui a dur\u00e9 plus que d&rsquo;habitude.<\/p>\n<p><img decoding=\"async\" src=\"http:\/\/www.uppg.org\/koken\/storage\/cache\/images\/001\/292\/Prom-Pery-04112014-IMG-0346-007,medium_large.1415739835.jpg\" alt=\"Matin de novembre\" title=\"Matin de novembre\" \/><\/p>\n<hr \/>\n<blockquote>\n<blockquote>\n<blockquote>\n<p><em>Hey il est bien le blog de mon Palou \u00e0 moi n&rsquo;est-ce pas ?<\/em><\/p>\n<p><em>j&rsquo;ai profit\u00e9, quand il a l\u00e2ch\u00e9 la souris pour aller se faire un caf\u00e9 d\u00e9caf\u00e9in\u00e9&#8230; parce qu&rsquo;il est dix heures, hop j&rsquo;ai piqu\u00e9 son clavier.<\/em><\/p>\n<\/blockquote>\n<\/blockquote>\n<\/blockquote>\n<hr \/>\n<p>Je me suis fait pirat\u00e9 mon blog, y a quelque chose dessus que je n&rsquo;ai pas \u00e9crit. Au moins j&rsquo;ai une lectrice&#8230;<\/p>\n<p>Donc, nous avons eu un automne particuli\u00e8rement doux, cela fait du bien apr\u00e8s l&rsquo;\u00e9t\u00e9 pluvieux qu&rsquo;on a eu.<\/p>\n<p><img decoding=\"async\" src=\"http:\/\/www.uppg.org\/koken\/storage\/cache\/images\/001\/293\/Prom-Pery-02112014-IMG-0343-004,medium_large.1415739874.jpg\" alt=\"Arbre en automne\" title=\"Arbre en automne\" \/><\/p>\n<p><img decoding=\"async\" src=\"http:\/\/www.uppg.org\/koken\/storage\/cache\/images\/001\/260\/Coucher-soleil-13102014-DSC-4648-009,medium_large.1413314707.jpg\" alt=\"Coucher de soleil sur le Schilt\" title=\"Coucher de soleil sur le Schilt\" \/><\/p>\n<p>Ce soir, je me suis promen\u00e9 en ville et j&rsquo;ai remarqu\u00e9 que des enseignes ne fonctionnaient pas comme il faut. Il faudra que je revienne avec mon appareil photo pour immortaliser tout cela.<\/p>\n<p>La suite sera sur <a href=\"http:\/\/photo.uppg.org\">photo.uppg.org<\/a> A+<\/p>\n<p>LePalou<\/p>\n","protected":false},"excerpt":{"rendered":"<p>Novembre froid et brouillard? Quelle fut pas notre surprise de d\u00e9couvrir deux fleurs sur un pommier-colonne de notre jardin. Le mois de novembre est gris, mais cette ann\u00e9e on a eu un automne qui a dur\u00e9 plus que d&rsquo;habitude. Hey il est bien le blog de mon Palou \u00e0 moi n&rsquo;est-ce pas ? j&rsquo;ai profit\u00e9, [&hellip;]<\/p>\n","protected":false},"author":1,"featured_media":0,"comment_status":"open","ping_status":"open","sticky":false,"template":"","format":"standard","meta":{"footnotes":""},"categories":[6,4,26,12],"tags":[],"_links":{"self":[{"href":"https:\/\/uppg.org\/wordpress\/index.php?rest_route=\/wp\/v2\/posts\/485"}],"collection":[{"href":"https:\/\/uppg.org\/wordpress\/index.php?rest_route=\/wp\/v2\/posts"}],"about":[{"href":"https:\/\/uppg.org\/wordpress\/index.php?rest_route=\/wp\/v2\/types\/post"}],"author":[{"embeddable":true,"href":"https:\/\/uppg.org\/wordpress\/index.php?rest_route=\/wp\/v2\/users\/1"}],"replies":[{"embeddable":true,"href":"https:\/\/uppg.org\/wordpress\/index.php?rest_route=%2Fwp%2Fv2%2Fcomments&post=485"}],"version-history":[{"count":3,"href":"https:\/\/uppg.org\/wordpress\/index.php?rest_route=\/wp\/v2\/posts\/485\/revisions"}],"predecessor-version":[{"id":488,"href":"https:\/\/uppg.org\/wordpress\/index.php?rest_route=\/wp\/v2\/posts\/485\/revisions\/488"}],"wp:attachment":[{"href":"https:\/\/uppg.org\/wordpress\/index.php?rest_route=%2Fwp%2Fv2%2Fmedia&parent=485"}],"wp:term":[{"taxonomy":"category","embeddable":true,"href":"https:\/\/uppg.org\/wordpress\/index.php?rest_route=%2Fwp%2Fv2%2Fcategories&post=485"},{"taxonomy":"post_tag","embeddable":true,"href":"https:\/\/uppg.org\/wordpress\/index.php?rest_route=%2Fwp%2Fv2%2Ftags&post=485"}],"curies":[{"name":"wp","href":"https:\/\/api.w.org\/{rel}","templated":true}]}}