{"id":496,"date":"2014-12-20T13:18:23","date_gmt":"2014-12-20T12:18:23","guid":{"rendered":"http:\/\/uppg.org\/wordpress\/?p=496"},"modified":"2014-12-23T21:02:03","modified_gmt":"2014-12-23T20:02:03","slug":"concerts-en-2015","status":"publish","type":"post","link":"https:\/\/uppg.org\/wordpress\/?p=496","title":{"rendered":"Concerts en 2015"},"content":{"rendered":"<p>Ceux qui me connaissent savent que j&rsquo;aime bien la musique qui <em>groove<\/em>, le <em>bon rock<\/em>, le <em>blues qui tache<\/em>, et&#8230; <strong>U2<\/strong>.<\/p>\n<p>En ce mois de d\u00e9cembre, plusieurs concerts sont annonc\u00e9s pour 2015, pour certains les billets sont partis comme des petits pains et pour d&rsquo;autres, il y a encore des places VIP.<\/p>\n<p>En 2011, je n&rsquo;\u00e9tais pas assez fou <sup id=\"fnref:1\"><a href=\"#fn:1\" rel=\"footnote\">1<\/a><\/sup> et j&rsquo;ai loup\u00e9 l&rsquo;occasion de vivre un concert de <em>U2<\/em> \u00e0 Zurich. Pour leur tourn\u00e9e 2015, les premiers billets se sont vendus <strong>tr\u00e8s tr\u00e8s<\/strong> vite, il ne reste plus que des places <strong>VIP<\/strong>. Les concerts rajout\u00e9s par la suite, c&rsquo;est du m\u00eame, en une matin\u00e9e tout est parti. Il n&rsquo;y a plus de billets \u00e0 des prix accessibles pour moi. Dur dur la vie de spectateur. En plus il n&rsquo;y a pas de concert en Suisse, les salles sont trop petites.<\/p>\n<p>Par contre j&rsquo;ai r\u00e9ussi \u00e0 acheter des billets pour <a href=\"http:\/\/muse.mu\/tour-dates,sonisphere-biel-switzerland_1896.htm\"><em>MUSE<\/em><\/a> qui vient \u00e0 Bienne pour leur unique concert en Suisse en 2015.<\/p>\n<blockquote>\n<p>Pour la petite histoire, ils  ont dit chez Ticket Corner, qu&rsquo;il envoyait les billets dans une enveloppe neutre. Mais si on tape l&rsquo;enveloppe vers le haut, on voit apparaitre dans la fen\u00eatre le texte <strong>Votre commande chez ticketcorner.ch<\/strong>. Pas tr\u00e8s discret ce truc\u2026<\/p>\n<\/blockquote>\n<p><img decoding=\"async\" src=\"https:\/\/uppg.org\/wordpress\/wp-content\/uploads\/2014\/12\/Billets_Muse-17122014-0396-008_blog.jpg\" alt=\"Billets MUSE\" title=\"billets Muse\" \/><\/p>\n<p>Je lorgne pour <a href=\"http:\/\/www.statusquo.co.uk\/\"><em>Status Quo<\/em><\/a> \u00e0 Zurich en septembre, ils avaient annul\u00e9 leur concert en 2014 \u00e0 Bienne, pour cause d&rsquo;hospitalisation de Rick Parfitt, maintenant il est de nouveau sur pied.<\/p>\n<p>Dans ma liste de souhaits, si <em>Eric Clapton<\/em> se pointe en Suisse, je suis aussi partant, <em>Newworldson<\/em> sont aussi magiques avec leur section de cuivre, mais pour le moment, il n&rsquo;y a pas de concert pr\u00e9vu en Suisse. On peut toujours esp\u00e9rer.<\/p>\n<p>Voici un coucher de lune en d\u00e9cembre \u00e0 Bienne, un matin avant le boulot. Je profite de l&rsquo;occasion pour souhaiter de belles f\u00eates \u00e0 tous mes lecteurs et une ann\u00e9e pleine de projets enthousiasmants pour 2015.<\/p>\n<p><img decoding=\"async\" src=\"https:\/\/uppg.org\/wordpress\/wp-content\/uploads\/2014\/12\/Coucher_de_lune-19122014-0401-009-Modifier-2_blog.jpg\" alt=\"Coucher de lune\" title=\"Coucher de lune \u00e0 Boujean\" \/><\/p>\n<p>A+<\/p>\n<p>LePalou<\/p>\n<div class=\"footnotes\">\n<hr \/>\n<ol>\n<li id=\"fn:1\">\n<p>Maintenant je me suis assagi, j&rsquo;ach\u00e8te des billets et je r\u00e9fl\u00e9chis apr\u00e8s!&#160;<a href=\"#fnref:1\" rev=\"footnote\">&#8617;<\/a><\/p>\n<\/li>\n<\/ol>\n<\/div>\n","protected":false},"excerpt":{"rendered":"<p>Ceux qui me connaissent savent que j&rsquo;aime bien la musique qui groove, le bon rock, le blues qui tache, et&#8230; U2. En ce mois de d\u00e9cembre, plusieurs concerts sont annonc\u00e9s pour 2015, pour certains les billets sont partis comme des petits pains et pour d&rsquo;autres, il y a encore des places VIP. En 2011, je [&hellip;]<\/p>\n","protected":false},"author":1,"featured_media":0,"comment_status":"open","ping_status":"open","sticky":false,"template":"","format":"standard","meta":{"footnotes":""},"categories":[21,12],"tags":[],"_links":{"self":[{"href":"https:\/\/uppg.org\/wordpress\/index.php?rest_route=\/wp\/v2\/posts\/496"}],"collection":[{"href":"https:\/\/uppg.org\/wordpress\/index.php?rest_route=\/wp\/v2\/posts"}],"about":[{"href":"https:\/\/uppg.org\/wordpress\/index.php?rest_route=\/wp\/v2\/types\/post"}],"author":[{"embeddable":true,"href":"https:\/\/uppg.org\/wordpress\/index.php?rest_route=\/wp\/v2\/users\/1"}],"replies":[{"embeddable":true,"href":"https:\/\/uppg.org\/wordpress\/index.php?rest_route=%2Fwp%2Fv2%2Fcomments&post=496"}],"version-history":[{"count":11,"href":"https:\/\/uppg.org\/wordpress\/index.php?rest_route=\/wp\/v2\/posts\/496\/revisions"}],"predecessor-version":[{"id":509,"href":"https:\/\/uppg.org\/wordpress\/index.php?rest_route=\/wp\/v2\/posts\/496\/revisions\/509"}],"wp:attachment":[{"href":"https:\/\/uppg.org\/wordpress\/index.php?rest_route=%2Fwp%2Fv2%2Fmedia&parent=496"}],"wp:term":[{"taxonomy":"category","embeddable":true,"href":"https:\/\/uppg.org\/wordpress\/index.php?rest_route=%2Fwp%2Fv2%2Fcategories&post=496"},{"taxonomy":"post_tag","embeddable":true,"href":"https:\/\/uppg.org\/wordpress\/index.php?rest_route=%2Fwp%2Fv2%2Ftags&post=496"}],"curies":[{"name":"wp","href":"https:\/\/api.w.org\/{rel}","templated":true}]}}