{"id":530,"date":"2015-01-17T12:23:45","date_gmt":"2015-01-17T11:23:45","guid":{"rendered":"http:\/\/uppg.org\/wordpress\/?p=530"},"modified":"2015-01-17T12:23:45","modified_gmt":"2015-01-17T11:23:45","slug":"the-blues-brothers","status":"publish","type":"post","link":"https:\/\/uppg.org\/wordpress\/?p=530","title":{"rendered":"The Blues Brothers"},"content":{"rendered":"<p>Qui ne se souvient pas des deux acolytes coiff\u00e9s d&rsquo;un chapeau noir et de lunette de m\u00eame couleur, partant faire une croisade pour remonter leur groupe, j&rsquo;ai nomm\u00e9 les Blues Brothers.<\/p>\n<p>Toute une \u00e9poque. Je cherche mes lunettes et mon chapeau et je suis \u00e0 vous&#8230;<\/p>\n<p>J&rsquo;ai eu la chance de recevoir un billet pour cette com\u00e9die qui se jouaient \u00e0 Bienne. <a href=\"http:\/\/www.BluesBrothers-Show.com\">The Blues Brothers<\/a><\/p>\n<p><img decoding=\"async\" src=\"http:\/\/www.uppg.org\/koken\/storage\/cache\/images\/001\/319\/Blues-Brothers-15012015-0503-011,medium_large.1421447321.jpg\" alt=\"Blues Brothers\" title=\"Les Blues Brothers en action\" \/><\/p>\n<p>Super com\u00e9die musicale. Toute la salle \u00e9tait debout \u00e0 la fin du concert.<\/p>\n<p>A+<\/p>\n<p>LePalou<\/p>\n","protected":false},"excerpt":{"rendered":"<p>Qui ne se souvient pas des deux acolytes coiff\u00e9s d&rsquo;un chapeau noir et de lunette de m\u00eame couleur, partant faire une croisade pour remonter leur groupe, j&rsquo;ai nomm\u00e9 les Blues Brothers. Toute une \u00e9poque. Je cherche mes lunettes et mon chapeau et je suis \u00e0 vous&#8230; J&rsquo;ai eu la chance de recevoir un billet pour [&hellip;]<\/p>\n","protected":false},"author":1,"featured_media":0,"comment_status":"open","ping_status":"open","sticky":false,"template":"","format":"standard","meta":{"footnotes":""},"categories":[21],"tags":[],"_links":{"self":[{"href":"https:\/\/uppg.org\/wordpress\/index.php?rest_route=\/wp\/v2\/posts\/530"}],"collection":[{"href":"https:\/\/uppg.org\/wordpress\/index.php?rest_route=\/wp\/v2\/posts"}],"about":[{"href":"https:\/\/uppg.org\/wordpress\/index.php?rest_route=\/wp\/v2\/types\/post"}],"author":[{"embeddable":true,"href":"https:\/\/uppg.org\/wordpress\/index.php?rest_route=\/wp\/v2\/users\/1"}],"replies":[{"embeddable":true,"href":"https:\/\/uppg.org\/wordpress\/index.php?rest_route=%2Fwp%2Fv2%2Fcomments&post=530"}],"version-history":[{"count":3,"href":"https:\/\/uppg.org\/wordpress\/index.php?rest_route=\/wp\/v2\/posts\/530\/revisions"}],"predecessor-version":[{"id":533,"href":"https:\/\/uppg.org\/wordpress\/index.php?rest_route=\/wp\/v2\/posts\/530\/revisions\/533"}],"wp:attachment":[{"href":"https:\/\/uppg.org\/wordpress\/index.php?rest_route=%2Fwp%2Fv2%2Fmedia&parent=530"}],"wp:term":[{"taxonomy":"category","embeddable":true,"href":"https:\/\/uppg.org\/wordpress\/index.php?rest_route=%2Fwp%2Fv2%2Fcategories&post=530"},{"taxonomy":"post_tag","embeddable":true,"href":"https:\/\/uppg.org\/wordpress\/index.php?rest_route=%2Fwp%2Fv2%2Ftags&post=530"}],"curies":[{"name":"wp","href":"https:\/\/api.w.org\/{rel}","templated":true}]}}