{"id":608,"date":"2015-06-14T11:40:45","date_gmt":"2015-06-14T09:40:45","guid":{"rendered":"http:\/\/uppg.org\/wordpress\/?p=608"},"modified":"2015-06-14T11:40:45","modified_gmt":"2015-06-14T09:40:45","slug":"muse-en-concert-a-bienne","status":"publish","type":"post","link":"https:\/\/uppg.org\/wordpress\/?p=608","title":{"rendered":"Muse en concert \u00e0 Bienne"},"content":{"rendered":"<p>Samedi 6 juin a eu lieu le festival <strong>Sonisphere<\/strong> \u00e0 Bienne sur l&#8217;emplacement de Expo.02.<\/p>\n<p>Une immense place, des gradins au fond, une sc\u00e8ne avec des projecteurs, un service d&rsquo;ordre bien voyant, tout cela a contribu\u00e9 \u00e0 la r\u00e9ussite de ce festival.<\/p>\n<p><a href=\"https:\/\/uppg.org\/wordpress\/wp-content\/uploads\/2015\/06\/Sonisphere_06062015_IMG_0919-004_blog.jpg\"><img loading=\"lazy\" decoding=\"async\" src=\"https:\/\/uppg.org\/wordpress\/wp-content\/uploads\/2015\/06\/Sonisphere_06062015_IMG_0919-004_blog.jpg\" alt=\"Sonisphere_06062015_IMG_0919-004_blog\" width=\"1000\" height=\"666\" class=\"aligncenter size-full wp-image-624\" srcset=\"https:\/\/uppg.org\/wordpress\/wp-content\/uploads\/2015\/06\/Sonisphere_06062015_IMG_0919-004_blog.jpg 1000w, https:\/\/uppg.org\/wordpress\/wp-content\/uploads\/2015\/06\/Sonisphere_06062015_IMG_0919-004_blog-300x200.jpg 300w\" sizes=\"(max-width: 1000px) 100vw, 1000px\" \/><\/a><\/p>\n<p><a href=\"https:\/\/uppg.org\/wordpress\/wp-content\/uploads\/2015\/06\/Sonisphere_06062015_IMG_0921-006_blog.jpg\"><img loading=\"lazy\" decoding=\"async\" src=\"https:\/\/uppg.org\/wordpress\/wp-content\/uploads\/2015\/06\/Sonisphere_06062015_IMG_0921-006_blog.jpg\" alt=\"Sonisphere_06062015_IMG_0921-006_blog\" width=\"1000\" height=\"666\" class=\"aligncenter size-full wp-image-623\" srcset=\"https:\/\/uppg.org\/wordpress\/wp-content\/uploads\/2015\/06\/Sonisphere_06062015_IMG_0921-006_blog.jpg 1000w, https:\/\/uppg.org\/wordpress\/wp-content\/uploads\/2015\/06\/Sonisphere_06062015_IMG_0921-006_blog-300x200.jpg 300w\" sizes=\"(max-width: 1000px) 100vw, 1000px\" \/><\/a><\/p>\n<p>Les quelques malchanceux qui n&rsquo;avaient pas r\u00e9ussi \u00e0 revendre leur billets attendaient les amateurs de pied ferme.<\/p>\n<p><a href=\"https:\/\/uppg.org\/wordpress\/wp-content\/uploads\/2015\/06\/Sonisphere_06062015_IMG_0910-001_blog.jpg\"><img loading=\"lazy\" decoding=\"async\" src=\"https:\/\/uppg.org\/wordpress\/wp-content\/uploads\/2015\/06\/Sonisphere_06062015_IMG_0910-001_blog.jpg\" alt=\"Sonisphere_06062015_IMG_0910-001_blog\" width=\"1000\" height=\"666\" class=\"aligncenter size-full wp-image-625\" srcset=\"https:\/\/uppg.org\/wordpress\/wp-content\/uploads\/2015\/06\/Sonisphere_06062015_IMG_0910-001_blog.jpg 1000w, https:\/\/uppg.org\/wordpress\/wp-content\/uploads\/2015\/06\/Sonisphere_06062015_IMG_0910-001_blog-300x200.jpg 300w\" sizes=\"(max-width: 1000px) 100vw, 1000px\" \/><\/a><\/p>\n<p>Les groupes <em>Gustav<\/em> bien pour l&rsquo;ouverture du festival, <em>Bonaparte<\/em>, <strong>nul<\/strong>, je suis parti au fin fond du terrain, <strong>The Hives<\/strong>, les \u00e9couter chanter <em>\u00abTick, Tick, Tick, Tick, Tick, Tick, Boum<\/em>\u00bb, dans la cit\u00e9 horlog\u00e8re, le must.<\/p>\n<div id=\"attachment_622\" style=\"width: 1010px\" class=\"wp-caption aligncenter\"><img loading=\"lazy\" decoding=\"async\" aria-describedby=\"caption-attachment-622\" src=\"https:\/\/uppg.org\/wordpress\/wp-content\/uploads\/2015\/06\/Sonisphere_06062015_IMG_0925-011_blog.jpg\" alt=\"The Hives au Sonisph\u00e8re \u00e0 Bienne\" width=\"1000\" height=\"666\" class=\"size-full wp-image-622\" srcset=\"https:\/\/uppg.org\/wordpress\/wp-content\/uploads\/2015\/06\/Sonisphere_06062015_IMG_0925-011_blog.jpg 1000w, https:\/\/uppg.org\/wordpress\/wp-content\/uploads\/2015\/06\/Sonisphere_06062015_IMG_0925-011_blog-300x200.jpg 300w\" sizes=\"(max-width: 1000px) 100vw, 1000px\" \/><p id=\"caption-attachment-622\" class=\"wp-caption-text\">]<a href=\"https:\/\/uppg.org\/wordpress\/wp-content\/uploads\/2015\/06\/Sonisphere_06062015_IMG_0925-011_blog.jpg\">4<\/a> The Hives au Sonisph\u00e8re \u00e0 Bienne<\/p><\/div>\n<p>Ensuite <strong>MUSE<\/strong> a fait un carton, avec deux heures de concert avec de nouveaux morceaux et des anciens.<\/p>\n<div id=\"attachment_610\" style=\"width: 1010px\" class=\"wp-caption aligncenter\"><img loading=\"lazy\" decoding=\"async\" aria-describedby=\"caption-attachment-610\" src=\"https:\/\/uppg.org\/wordpress\/wp-content\/uploads\/2015\/06\/Sonisphere_06062015_IMG_0949-033_blog.jpg\" alt=\"Muse au Sonisph\u00e8re \u00e0 Bienne\" width=\"1000\" height=\"666\" class=\"size-full wp-image-610\" srcset=\"https:\/\/uppg.org\/wordpress\/wp-content\/uploads\/2015\/06\/Sonisphere_06062015_IMG_0949-033_blog.jpg 1000w, https:\/\/uppg.org\/wordpress\/wp-content\/uploads\/2015\/06\/Sonisphere_06062015_IMG_0949-033_blog-300x200.jpg 300w\" sizes=\"(max-width: 1000px) 100vw, 1000px\" \/><p id=\"caption-attachment-610\" class=\"wp-caption-text\">]<a href=\"https:\/\/uppg.org\/wordpress\/wp-content\/uploads\/2015\/06\/Sonisphere_06062015_IMG_0949-033_blog.jpg\">5<\/a> Muse au Sonisph\u00e8re \u00e0 Bienne<\/p><\/div>\n<p>Voici deux vid\u00e9os et quelques photos du concert <a href=\"http:\/\/photo.uppg.org\">ici<\/a>.<\/p>\n<p>A plus<\/p>\n<p>LePalou<\/p>\n","protected":false},"excerpt":{"rendered":"<p>Samedi 6 juin a eu lieu le festival Sonisphere \u00e0 Bienne sur l&#8217;emplacement de Expo.02. Une immense place, des gradins au fond, une sc\u00e8ne avec des projecteurs, un service d&rsquo;ordre bien voyant, tout cela a contribu\u00e9 \u00e0 la r\u00e9ussite de ce festival. Les quelques malchanceux qui n&rsquo;avaient pas r\u00e9ussi \u00e0 revendre leur billets attendaient les [&hellip;]<\/p>\n","protected":false},"author":1,"featured_media":0,"comment_status":"open","ping_status":"open","sticky":false,"template":"","format":"standard","meta":{"footnotes":""},"categories":[21,12],"tags":[],"_links":{"self":[{"href":"https:\/\/uppg.org\/wordpress\/index.php?rest_route=\/wp\/v2\/posts\/608"}],"collection":[{"href":"https:\/\/uppg.org\/wordpress\/index.php?rest_route=\/wp\/v2\/posts"}],"about":[{"href":"https:\/\/uppg.org\/wordpress\/index.php?rest_route=\/wp\/v2\/types\/post"}],"author":[{"embeddable":true,"href":"https:\/\/uppg.org\/wordpress\/index.php?rest_route=\/wp\/v2\/users\/1"}],"replies":[{"embeddable":true,"href":"https:\/\/uppg.org\/wordpress\/index.php?rest_route=%2Fwp%2Fv2%2Fcomments&post=608"}],"version-history":[{"count":8,"href":"https:\/\/uppg.org\/wordpress\/index.php?rest_route=\/wp\/v2\/posts\/608\/revisions"}],"predecessor-version":[{"id":632,"href":"https:\/\/uppg.org\/wordpress\/index.php?rest_route=\/wp\/v2\/posts\/608\/revisions\/632"}],"wp:attachment":[{"href":"https:\/\/uppg.org\/wordpress\/index.php?rest_route=%2Fwp%2Fv2%2Fmedia&parent=608"}],"wp:term":[{"taxonomy":"category","embeddable":true,"href":"https:\/\/uppg.org\/wordpress\/index.php?rest_route=%2Fwp%2Fv2%2Fcategories&post=608"},{"taxonomy":"post_tag","embeddable":true,"href":"https:\/\/uppg.org\/wordpress\/index.php?rest_route=%2Fwp%2Fv2%2Ftags&post=608"}],"curies":[{"name":"wp","href":"https:\/\/api.w.org\/{rel}","templated":true}]}}