{"id":639,"date":"2015-06-19T18:17:36","date_gmt":"2015-06-19T16:17:36","guid":{"rendered":"http:\/\/uppg.org\/wordpress\/?p=639"},"modified":"2015-06-20T14:08:28","modified_gmt":"2015-06-20T12:08:28","slug":"rentree-des-quebecois","status":"publish","type":"post","link":"https:\/\/uppg.org\/wordpress\/?p=639","title":{"rendered":"Rentr\u00e9e des Qu\u00e9b\u00e9cois"},"content":{"rendered":"<p>Cela fait dix mois que J\u00e9r\u00e9my est parti faire sa 3e ann\u00e9e de HES au <strong>Canada<\/strong>. Il est parti avec cinq autres \u00e9tudiants de l&rsquo;<a href=\"http:\/\/www.he-arc.ch\"><em>He-Arc<\/em><\/a> de <strong>Neuch\u00e2tel<\/strong>, pour \u00e9tudier dans diff\u00e9rentes mati\u00e8res \u00e0 <a href=\"http:\/\/www.usherbrooke.ca\/\"><strong>Sherbrooke<\/strong><\/a>. Ils ont trouv\u00e9 des appartements par \u00e9quipe de deux, \u00e0 proximit\u00e9 de l&rsquo;universit\u00e9.<\/p>\n<p>J\u00e9r\u00e9my a touch\u00e9 \u00e0 plein de domaines qu&rsquo;il n&rsquo;aurait pas abord\u00e9s s&rsquo;il \u00e9tait rest\u00e9 en Suisse. Il a eu de bon contact avec les autres \u00e9tudiants qu\u00e9b\u00e9cois de son groupe de projets. C&rsquo;est avec eux qu&rsquo;il am\u00e9lior\u00e9 son <em>parl\u00e9 qu\u00e9b\u00e9cois<\/em>. En bossant des heures et des heures, il a r\u00e9ussi avec la mention <em>excellent<\/em> tous ces modules. BRAVO!<\/p>\n<p>Il a int\u00e9gr\u00e9 l&rsquo;\u00e9quipe de <em>kin-ball<\/em> locale, les <em>Phoenix<\/em> et il a m\u00eame jouer dans des matches de championnat.<\/p>\n<p><a href=\"https:\/\/uppg.org\/wordpress\/wp-content\/uploads\/2015\/06\/June_14__2015_at_1139PM.jpg\"><img loading=\"lazy\" decoding=\"async\" src=\"https:\/\/uppg.org\/wordpress\/wp-content\/uploads\/2015\/06\/June_14__2015_at_1139PM.jpg\" alt=\"June_14__2015_at_1139PM\" width=\"1280\" height=\"720\" class=\"aligncenter size-full wp-image-641\" srcset=\"https:\/\/uppg.org\/wordpress\/wp-content\/uploads\/2015\/06\/June_14__2015_at_1139PM.jpg 1280w, https:\/\/uppg.org\/wordpress\/wp-content\/uploads\/2015\/06\/June_14__2015_at_1139PM-300x169.jpg 300w, https:\/\/uppg.org\/wordpress\/wp-content\/uploads\/2015\/06\/June_14__2015_at_1139PM-1024x576.jpg 1024w\" sizes=\"(max-width: 1280px) 100vw, 1280px\" \/><\/a><\/p>\n<p>Et apr\u00e8s les \u00e9tudes, les vacances sont bienvenues, Mica\u00ebl est all\u00e9 le rejoindre pour partager ses moments ensemble. Ils ont visit\u00e9 des parcs, des villes, fait du cano\u00eb, rencontrer des amis suisses, des Qu\u00e9b\u00e9cois sympathiques, deux ours et\u2026 un raton laveur affam\u00e9. Toutes ces aventures sont \u00e0 d\u00e9couvrir sur leur site <a href=\"http:\/\/jeremicael.wordpress.com\">Au pays des caribous<\/a><\/p>\n<div id=\"attachment_645\" style=\"width: 3370px\" class=\"wp-caption aligncenter\"><img loading=\"lazy\" decoding=\"async\" aria-describedby=\"caption-attachment-645\" src=\"https:\/\/uppg.org\/wordpress\/wp-content\/uploads\/2015\/06\/taquet.jpg\" alt=\"DCIM118GOPRO\" width=\"3360\" height=\"1890\" class=\"size-full wp-image-645\" srcset=\"https:\/\/uppg.org\/wordpress\/wp-content\/uploads\/2015\/06\/taquet.jpg 3360w, https:\/\/uppg.org\/wordpress\/wp-content\/uploads\/2015\/06\/taquet-300x169.jpg 300w, https:\/\/uppg.org\/wordpress\/wp-content\/uploads\/2015\/06\/taquet-1024x576.jpg 1024w\" sizes=\"(max-width: 3360px) 100vw, 3360px\" \/><p id=\"caption-attachment-645\" class=\"wp-caption-text\">]<a href=\"https:\/\/uppg.org\/wordpress\/wp-content\/uploads\/2015\/06\/taquet.jpg\">5<\/a> Photo: Mic<\/p><\/div>\n<p>Leur retour en Suisse, c&rsquo;est bien pass\u00e9, maintenant ils r\u00e9cup\u00e8rent de leur d\u00e9calage horaire. Toute la famille se r\u00e9jouit de leur rentr\u00e9e. Les <strong>Cousins<\/strong> aussi. On attend la suite des montages vid\u00e9os et des photos.<\/p>\n<p>A+ LePalou<\/p>\n","protected":false},"excerpt":{"rendered":"<p>Cela fait dix mois que J\u00e9r\u00e9my est parti faire sa 3e ann\u00e9e de HES au Canada. Il est parti avec cinq autres \u00e9tudiants de l&rsquo;He-Arc de Neuch\u00e2tel, pour \u00e9tudier dans diff\u00e9rentes mati\u00e8res \u00e0 Sherbrooke. Ils ont trouv\u00e9 des appartements par \u00e9quipe de deux, \u00e0 proximit\u00e9 de l&rsquo;universit\u00e9. J\u00e9r\u00e9my a touch\u00e9 \u00e0 plein de domaines qu&rsquo;il [&hellip;]<\/p>\n","protected":false},"author":1,"featured_media":0,"comment_status":"open","ping_status":"open","sticky":false,"template":"","format":"standard","meta":{"footnotes":""},"categories":[4,12],"tags":[],"_links":{"self":[{"href":"https:\/\/uppg.org\/wordpress\/index.php?rest_route=\/wp\/v2\/posts\/639"}],"collection":[{"href":"https:\/\/uppg.org\/wordpress\/index.php?rest_route=\/wp\/v2\/posts"}],"about":[{"href":"https:\/\/uppg.org\/wordpress\/index.php?rest_route=\/wp\/v2\/types\/post"}],"author":[{"embeddable":true,"href":"https:\/\/uppg.org\/wordpress\/index.php?rest_route=\/wp\/v2\/users\/1"}],"replies":[{"embeddable":true,"href":"https:\/\/uppg.org\/wordpress\/index.php?rest_route=%2Fwp%2Fv2%2Fcomments&post=639"}],"version-history":[{"count":9,"href":"https:\/\/uppg.org\/wordpress\/index.php?rest_route=\/wp\/v2\/posts\/639\/revisions"}],"predecessor-version":[{"id":651,"href":"https:\/\/uppg.org\/wordpress\/index.php?rest_route=\/wp\/v2\/posts\/639\/revisions\/651"}],"wp:attachment":[{"href":"https:\/\/uppg.org\/wordpress\/index.php?rest_route=%2Fwp%2Fv2%2Fmedia&parent=639"}],"wp:term":[{"taxonomy":"category","embeddable":true,"href":"https:\/\/uppg.org\/wordpress\/index.php?rest_route=%2Fwp%2Fv2%2Fcategories&post=639"},{"taxonomy":"post_tag","embeddable":true,"href":"https:\/\/uppg.org\/wordpress\/index.php?rest_route=%2Fwp%2Fv2%2Ftags&post=639"}],"curies":[{"name":"wp","href":"https:\/\/api.w.org\/{rel}","templated":true}]}}