{"id":663,"date":"2015-08-01T10:12:08","date_gmt":"2015-08-01T08:12:08","guid":{"rendered":"http:\/\/uppg.org\/wordpress\/?p=663"},"modified":"2015-08-04T21:39:02","modified_gmt":"2015-08-04T19:39:02","slug":"voyage-en-allemagne","status":"publish","type":"post","link":"https:\/\/uppg.org\/wordpress\/?p=663","title":{"rendered":"Voyage en Allemagne"},"content":{"rendered":"<p>Premier jour des vacances, premier jour de pluie, mais pas une petite pluie, un orage et des trombes d&rsquo;eau \u00e0 ne pas voir au travers.<\/p>\n<p><a href=\"https:\/\/uppg.org\/wordpress\/wp-content\/uploads\/2015\/07\/Depart_Joel_18072015_IMG_1200-001_blog.jpg\"><img loading=\"lazy\" decoding=\"async\" src=\"https:\/\/uppg.org\/wordpress\/wp-content\/uploads\/2015\/07\/Depart_Joel_18072015_IMG_1200-001_blog.jpg\" alt=\"Depart_Joel_18072015_IMG_1200-001_blog\" width=\"1000\" height=\"666\" class=\"aligncenter size-full wp-image-681\" srcset=\"https:\/\/uppg.org\/wordpress\/wp-content\/uploads\/2015\/07\/Depart_Joel_18072015_IMG_1200-001_blog.jpg 1000w, https:\/\/uppg.org\/wordpress\/wp-content\/uploads\/2015\/07\/Depart_Joel_18072015_IMG_1200-001_blog-300x200.jpg 300w\" sizes=\"(max-width: 1000px) 100vw, 1000px\" \/><\/a><\/p>\n<p>Apr\u00e8s avoir pass\u00e9 le tunnel de Belchen la pluie s&rsquo;est calm\u00e9e. Nous sommes arriv\u00e9s dans les temps \u00e0 l&rsquo;<em>EuroAirport<\/em> de <em>B\u00e2le-Mulhouse<\/em> pour d\u00e9poser Jo\u00ebl qui devait prendre son avion pour l&rsquo;Angleterre.<\/p>\n<p>Trois semaines \u00e0 <em>Brighton<\/em> dans une famille d&rsquo;accueil et une \u00e9cole pour perfectionner son anglais.<\/p>\n<div id=\"attachment_680\" style=\"width: 1010px\" class=\"wp-caption aligncenter\"><img loading=\"lazy\" decoding=\"async\" aria-describedby=\"caption-attachment-680\" src=\"https:\/\/uppg.org\/wordpress\/wp-content\/uploads\/2015\/07\/Depart_Joel_18072015_MVI_1219-006-1_blog.jpg\" alt=\"Bon voyage Jo!\" width=\"1000\" height=\"750\" class=\"size-full wp-image-680\" srcset=\"https:\/\/uppg.org\/wordpress\/wp-content\/uploads\/2015\/07\/Depart_Joel_18072015_MVI_1219-006-1_blog.jpg 1000w, https:\/\/uppg.org\/wordpress\/wp-content\/uploads\/2015\/07\/Depart_Joel_18072015_MVI_1219-006-1_blog-300x225.jpg 300w\" sizes=\"(max-width: 1000px) 100vw, 1000px\" \/><p id=\"caption-attachment-680\" class=\"wp-caption-text\">]<a href=\"https:\/\/uppg.org\/wordpress\/wp-content\/uploads\/2015\/07\/Depart_Joel_18072015_MVI_1219-006-1_blog.jpg\">2<\/a> Bon voyage Jo!<\/p><\/div>\n<p>Apr\u00e8s nous avons continu\u00e9 sur l&rsquo;Allemagne jusqu&rsquo;\u00e0 H\u00f6chenschwand, gr\u00e2ce au GPS Tomtom Via 135 , nous sommes arriv\u00e9s trois heures avant&#8230;<\/p>\n<p>M\u00eame si on a entendu quelquefois: \u00ab\u00a0Faites demi-tour d\u00e8s que possible!\u00a0\u00bb<\/p>\n<p>Il y a une piscine dans le b\u00e2timent o\u00f9 nous sommes en vacances pour une semaine. Nous allons visiter <em>Sankt-Blasien<\/em>, le <em>Titisee<\/em> et les autres lacs du coin.<\/p>\n<h2>D\u00e9couverte d&rsquo;<em>H\u00f6chenschwand<\/em><\/h2>\n<p>Nous sommes arriv\u00e9s ici un peu par hasard, au d\u00e9tour d&rsquo;une location d&rsquo;appartement sur internet.<\/p>\n<p>C&rsquo;est une station r\u00e9put\u00e9e pour son air pur. Nous sommes \u00e0 1000 m et il faut pas le dire trop fort: depuis notre balcon, on capte encore une antenne <em>Swisscom<\/em>&#8230; J&rsquo;arrive \u00e0 recevoir des <em>mails<\/em> et des <em>whatsapp<\/em>.<\/p>\n<div id=\"attachment_672\" style=\"width: 1010px\" class=\"wp-caption aligncenter\"><img loading=\"lazy\" decoding=\"async\" aria-describedby=\"caption-attachment-672\" src=\"https:\/\/uppg.org\/wordpress\/wp-content\/uploads\/2015\/07\/vac_Allemagne_21072015_IMG_1278-049_blog.jpg\" alt=\"Vue sur la Suisse et l&#039;antenne...\" width=\"1000\" height=\"666\" class=\"size-full wp-image-672\" srcset=\"https:\/\/uppg.org\/wordpress\/wp-content\/uploads\/2015\/07\/vac_Allemagne_21072015_IMG_1278-049_blog.jpg 1000w, https:\/\/uppg.org\/wordpress\/wp-content\/uploads\/2015\/07\/vac_Allemagne_21072015_IMG_1278-049_blog-300x200.jpg 300w\" sizes=\"(max-width: 1000px) 100vw, 1000px\" \/><p id=\"caption-attachment-672\" class=\"wp-caption-text\">]<a href=\"https:\/\/uppg.org\/wordpress\/wp-content\/uploads\/2015\/07\/vac_Allemagne_21072015_IMG_1278-049_blog.jpg\">3<\/a> Vue sur la Suisse et l&rsquo;antenne ou pas..<\/p><\/div>\n<p>Ce que nous avons d\u00e9couvert sur place, c&rsquo;est que dans la taxe de s\u00e9jour sont compris tous les transports publics de <em>B\u00e2le<\/em> \u00e0 <em>Fribourg-en-Brisgau<\/em> jusqu&rsquo;au nord de la <em>For\u00eat-Noire<\/em>. Alors nous avons d\u00e9cid\u00e9 de voyager en bus et en train.<\/p>\n<p>Dimanche ce fut une journ\u00e9e de repos et de promenade dans le village, la tradition dans le coin, ce sont des sculptures en bois ou autres, recouvertes de paille. Chaque ann\u00e9e il y a un concours et les sculptures restent plusieurs ann\u00e9es sur place.<\/p>\n<div id=\"attachment_678\" style=\"width: 1010px\" class=\"wp-caption aligncenter\"><img loading=\"lazy\" decoding=\"async\" aria-describedby=\"caption-attachment-678\" src=\"https:\/\/uppg.org\/wordpress\/wp-content\/uploads\/2015\/07\/vac_Allemagne_19072015_IMG_1229-005_blog.jpg\" alt=\"sculpture en paille\" width=\"1000\" height=\"666\" class=\"size-full wp-image-678\" srcset=\"https:\/\/uppg.org\/wordpress\/wp-content\/uploads\/2015\/07\/vac_Allemagne_19072015_IMG_1229-005_blog.jpg 1000w, https:\/\/uppg.org\/wordpress\/wp-content\/uploads\/2015\/07\/vac_Allemagne_19072015_IMG_1229-005_blog-300x200.jpg 300w\" sizes=\"(max-width: 1000px) 100vw, 1000px\" \/><p id=\"caption-attachment-678\" class=\"wp-caption-text\">]<a href=\"https:\/\/uppg.org\/wordpress\/wp-content\/uploads\/2015\/07\/vac_Allemagne_19072015_IMG_1229-005_blog.jpg\">4<\/a> Sculpture en paille<\/p><\/div>\n<h2>Bus, train et Titisee<\/h2>\n<p>Nous avons d\u00e9cid\u00e9 d&rsquo;utiliser les transports publics mis \u00e0 notre disposition gr\u00e2ce \u00e0 la taxe de s\u00e9jour, pour aller visiter le d\u00f4me de <em>Sankt-Blasien<\/em>.<\/p>\n<div id=\"attachment_677\" style=\"width: 1010px\" class=\"wp-caption aligncenter\"><img loading=\"lazy\" decoding=\"async\" aria-describedby=\"caption-attachment-677\" src=\"https:\/\/uppg.org\/wordpress\/wp-content\/uploads\/2015\/07\/vac_Allemagne_20072015_DSC_5205-014_blog.jpg\" alt=\"D\u00f4me de Sankt-Blasien\" width=\"1000\" height=\"664\" class=\"size-full wp-image-677\" srcset=\"https:\/\/uppg.org\/wordpress\/wp-content\/uploads\/2015\/07\/vac_Allemagne_20072015_DSC_5205-014_blog.jpg 1000w, https:\/\/uppg.org\/wordpress\/wp-content\/uploads\/2015\/07\/vac_Allemagne_20072015_DSC_5205-014_blog-300x199.jpg 300w\" sizes=\"(max-width: 1000px) 100vw, 1000px\" \/><p id=\"caption-attachment-677\" class=\"wp-caption-text\">]<a href=\"https:\/\/uppg.org\/wordpress\/wp-content\/uploads\/2015\/07\/vac_Allemagne_20072015_DSC_5205-014_blog.jpg\">5<\/a> D\u00f4me de Sankt-Blasien<\/p><\/div>\n<p>Eglise imposante avec un d\u00f4me et visible d\u00e8s que tu arrives dans la ville. Elle est toute blanche \u00e0 l&rsquo;int\u00e9rieur.<\/p>\n<p>C&rsquo;est une gare routi\u00e8re, tous les bus arrivent et partent de l\u00e0 aux m\u00eames heures, donc nous avons pris le bus pour <em>Seebrugg<\/em>, l\u00e0 nous avons chang\u00e9 pour le train qui nous a conduit \u00e0 <em>Titisee<\/em> en passant par <strong>Aha<\/strong> et <strong>B\u00e4rental<\/strong>.<\/p>\n<div id=\"attachment_674\" style=\"width: 1010px\" class=\"wp-caption aligncenter\"><img loading=\"lazy\" decoding=\"async\" aria-describedby=\"caption-attachment-674\" src=\"https:\/\/uppg.org\/wordpress\/wp-content\/uploads\/2015\/07\/vac_Allemagne_20072015_DSC_5273-064_blog.jpg\" alt=\"Wo wohnen Sie? Aha Etoy? Oho!\" width=\"1000\" height=\"664\" class=\"size-full wp-image-674\" srcset=\"https:\/\/uppg.org\/wordpress\/wp-content\/uploads\/2015\/07\/vac_Allemagne_20072015_DSC_5273-064_blog.jpg 1000w, https:\/\/uppg.org\/wordpress\/wp-content\/uploads\/2015\/07\/vac_Allemagne_20072015_DSC_5273-064_blog-300x199.jpg 300w\" sizes=\"(max-width: 1000px) 100vw, 1000px\" \/><p id=\"caption-attachment-674\" class=\"wp-caption-text\">]<a href=\"https:\/\/uppg.org\/wordpress\/wp-content\/uploads\/2015\/07\/vac_Allemagne_20072015_DSC_5273-064_blog.jpg\">6<\/a> Wo wohnen Sie?<br \/>\nAha<br \/>\nEtoy? Oho!<\/p><\/div>\n<p>Nous avons long\u00e9 trois lacs avant d&rsquo;arriver \u00e0 <em>Titisee<\/em>. Lieu touristique par excellence, un parking immense pour les voitures et les cars, des rues remplies de touristes cherchant le souvenir \u00e0 ramener \u00e0 la maison.<\/p>\n<p>Quelques groupes d&rsquo;Asiatiques se font remarquer avec leurs perches \u00e0 selfie. Souriez, vous \u00eates sur uppg.org<\/p>\n<div id=\"attachment_675\" style=\"width: 1010px\" class=\"wp-caption aligncenter\"><img loading=\"lazy\" decoding=\"async\" aria-describedby=\"caption-attachment-675\" src=\"https:\/\/uppg.org\/wordpress\/wp-content\/uploads\/2015\/07\/vac_Allemagne_20072015_DSC_5256-049_blog.jpg\" alt=\"Sp\u00e9cial perche \u00e0 selfies asiatique\" width=\"1000\" height=\"664\" class=\"size-full wp-image-675\" srcset=\"https:\/\/uppg.org\/wordpress\/wp-content\/uploads\/2015\/07\/vac_Allemagne_20072015_DSC_5256-049_blog.jpg 1000w, https:\/\/uppg.org\/wordpress\/wp-content\/uploads\/2015\/07\/vac_Allemagne_20072015_DSC_5256-049_blog-300x199.jpg 300w\" sizes=\"(max-width: 1000px) 100vw, 1000px\" \/><p id=\"caption-attachment-675\" class=\"wp-caption-text\">]<a href=\"https:\/\/uppg.org\/wordpress\/wp-content\/uploads\/2015\/07\/vac_Allemagne_20072015_DSC_5256-049_blog.jpg\">7<\/a> Sp\u00e9cial perche \u00e0 selfies asiatique<\/p><\/div>\n<h2>Promenade autour <em>d&rsquo;H\u00f6chenschwand<\/em><\/h2>\n<p>Aujourd&rsquo;hui nous avons fait le tour du village et nous avons trouv\u00e9 un bassin le long du chemin, o\u00f9 les gens se d\u00e9chaussent et marchent dans l&rsquo;eau jusqu&rsquo;aux genoux pour se rafra\u00eechir les pieds.<\/p>\n<div id=\"attachment_673\" style=\"width: 1010px\" class=\"wp-caption aligncenter\"><img loading=\"lazy\" decoding=\"async\" aria-describedby=\"caption-attachment-673\" src=\"https:\/\/uppg.org\/wordpress\/wp-content\/uploads\/2015\/07\/vac_Allemagne_21072015_IMG_1264-035_blog.jpg\" alt=\"Bain de pieds pour randonneurs\" width=\"1000\" height=\"666\" class=\"size-full wp-image-673\" srcset=\"https:\/\/uppg.org\/wordpress\/wp-content\/uploads\/2015\/07\/vac_Allemagne_21072015_IMG_1264-035_blog.jpg 1000w, https:\/\/uppg.org\/wordpress\/wp-content\/uploads\/2015\/07\/vac_Allemagne_21072015_IMG_1264-035_blog-300x200.jpg 300w\" sizes=\"(max-width: 1000px) 100vw, 1000px\" \/><p id=\"caption-attachment-673\" class=\"wp-caption-text\">]<a href=\"https:\/\/uppg.org\/wordpress\/wp-content\/uploads\/2015\/07\/vac_Allemagne_21072015_IMG_1264-035_blog.jpg\">8<\/a> Bain de pieds pour randonneurs<\/p><\/div>\n<p>Nous avons contourn\u00e9 la moiti\u00e9 du village par le bas.<\/p>\n<p>Petite promenade sous le soleil, ensuite une heure de piscine.<\/p>\n<p>Un souper et une promenade \u00e0 la tomb\u00e9e de la nuit pour admirer les lampes circulaires au ras du sol.<\/p>\n<p><a href=\"https:\/\/uppg.org\/wordpress\/wp-content\/uploads\/2015\/07\/vac_Allemagne_21072015_DSC_5297-088_blog.jpg\"><img loading=\"lazy\" decoding=\"async\" src=\"https:\/\/uppg.org\/wordpress\/wp-content\/uploads\/2015\/07\/vac_Allemagne_21072015_DSC_5297-088_blog.jpg\" alt=\"vac_Allemagne_21072015_DSC_5297-088_blog\" width=\"1000\" height=\"664\" class=\"aligncenter size-full wp-image-671\" srcset=\"https:\/\/uppg.org\/wordpress\/wp-content\/uploads\/2015\/07\/vac_Allemagne_21072015_DSC_5297-088_blog.jpg 1000w, https:\/\/uppg.org\/wordpress\/wp-content\/uploads\/2015\/07\/vac_Allemagne_21072015_DSC_5297-088_blog-300x199.jpg 300w\" sizes=\"(max-width: 1000px) 100vw, 1000px\" \/><\/a><\/p>\n<p><a href=\"https:\/\/uppg.org\/wordpress\/wp-content\/uploads\/2015\/07\/vac_Allemagne_21072015_DSC_5298-089_blog.jpg\"><img loading=\"lazy\" decoding=\"async\" src=\"https:\/\/uppg.org\/wordpress\/wp-content\/uploads\/2015\/07\/vac_Allemagne_21072015_DSC_5298-089_blog.jpg\" alt=\"vac_Allemagne_21072015_DSC_5298-089_blog\" width=\"1000\" height=\"664\" class=\"aligncenter size-full wp-image-670\" srcset=\"https:\/\/uppg.org\/wordpress\/wp-content\/uploads\/2015\/07\/vac_Allemagne_21072015_DSC_5298-089_blog.jpg 1000w, https:\/\/uppg.org\/wordpress\/wp-content\/uploads\/2015\/07\/vac_Allemagne_21072015_DSC_5298-089_blog-300x199.jpg 300w\" sizes=\"(max-width: 1000px) 100vw, 1000px\" \/><\/a><\/p>\n<h2>Visite \u00e0 <em>Fribourg-en-Brisgau<\/em><\/h2>\n<p>Deuxi\u00e8me jour de voyage en bus et en train, nous sommes all\u00e9s jusqu&rsquo;\u00e0 <em>Fribourg-en-Brisgau<\/em>.<\/p>\n<p>La particularit\u00e9 de la gare, c&rsquo;est qu&rsquo;elle est surmont\u00e9e d&rsquo;un pont avec un arr\u00eat de tramway. Nous sommes mont\u00e9 dans un tramway qui nous a conduit dans une rue commer\u00e7ante, beaucoup de magasin d&rsquo;habits et de peu de magasin de boisson. Il faisait chaud, on avait tout bu et on voulait acheter de l&rsquo;eau. Sur la place de cath\u00e9drale munster il y avait le march\u00e9, on s&rsquo;est rabattu sur les fruits. Dans les rues il y a les <strong>b\u00e4chli<\/strong>, canaux o\u00f9 de l&rsquo;eau circule dans la ville.<\/p>\n<div id=\"attachment_669\" style=\"width: 676px\" class=\"wp-caption aligncenter\"><img loading=\"lazy\" decoding=\"async\" aria-describedby=\"caption-attachment-669\" src=\"https:\/\/uppg.org\/wordpress\/wp-content\/uploads\/2015\/07\/vac_Allemagne_22072015_IMG_1288-058_blog.jpg\" alt=\"B\u00e4chli\" width=\"666\" height=\"1000\" class=\"size-full wp-image-669\" srcset=\"https:\/\/uppg.org\/wordpress\/wp-content\/uploads\/2015\/07\/vac_Allemagne_22072015_IMG_1288-058_blog.jpg 666w, https:\/\/uppg.org\/wordpress\/wp-content\/uploads\/2015\/07\/vac_Allemagne_22072015_IMG_1288-058_blog-200x300.jpg 200w\" sizes=\"(max-width: 666px) 100vw, 666px\" \/><p id=\"caption-attachment-669\" class=\"wp-caption-text\">]<a href=\"https:\/\/uppg.org\/wordpress\/wp-content\/uploads\/2015\/07\/vac_Allemagne_22072015_IMG_1288-058_blog.jpg\">11<\/a> B\u00e4chli<\/p><\/div>\n<div id=\"attachment_668\" style=\"width: 676px\" class=\"wp-caption aligncenter\"><img loading=\"lazy\" decoding=\"async\" aria-describedby=\"caption-attachment-668\" src=\"https:\/\/uppg.org\/wordpress\/wp-content\/uploads\/2015\/07\/vac_Allemagne_22072015_IMG_1300-070_blog.jpg\" alt=\"Cath\u00e9drale de Fribourg-en-Brisgau\" width=\"666\" height=\"1000\" class=\"size-full wp-image-668\" srcset=\"https:\/\/uppg.org\/wordpress\/wp-content\/uploads\/2015\/07\/vac_Allemagne_22072015_IMG_1300-070_blog.jpg 666w, https:\/\/uppg.org\/wordpress\/wp-content\/uploads\/2015\/07\/vac_Allemagne_22072015_IMG_1300-070_blog-200x300.jpg 200w\" sizes=\"(max-width: 666px) 100vw, 666px\" \/><p id=\"caption-attachment-668\" class=\"wp-caption-text\">]<a href=\"https:\/\/uppg.org\/wordpress\/wp-content\/uploads\/2015\/07\/vac_Allemagne_22072015_IMG_1300-070_blog.jpg\">12<\/a> Cath\u00e9drale de Fribourg-en-Brisgau<\/p><\/div>\n<p>Apr\u00e8s avoir pass\u00e9 deux fois dans les m\u00eames rues, repris un tram qui partait \u00e0 l&rsquo;oppos\u00e9 d&rsquo;o\u00f9 on voulait aller, s&rsquo;\u00eatre fait rinc\u00e9 par une grosse averse, on est arriv\u00e9 \u00e0 la gare et le train nous attendait pour le retour.<\/p>\n<p>Deux heures de voyage pour rentrer et arr\u00eat au petit magasin pour acheter de l&rsquo;eau dans des bouteilles en PET consign\u00e9es. On a vid\u00e9 une bouteille d&rsquo;un litre et demi en quelques minutes.<\/p>\n<p>Ensuite piscine pour se rafra\u00eechir de la journ\u00e9e.<\/p>\n<h2>Jour de repos<\/h2>\n<p>Aujourd&rsquo;hui nous avons fait une pause dans nos excursions. \u00c9criture des cartes postales aux amis et \u00e0 la famille.<\/p>\n<p>Retour des bouteilles consign\u00e9es dans un magasin et recherche du meilleur bistrot (selon notre crit\u00e8re) du coin.<\/p>\n<p>Nous avons jet\u00e9 notre d\u00e9volu sur le <a href=\"http:\/\/www.porten.de\/cms\/index.php?id=39\"><em>Georgsklause<\/em><\/a>, qui propose de la musique live <a href=\"http:\/\/www.porten.de\/cms\/index.php?id=45\"><em>Schlager<\/em><\/a> en arri\u00e8re-fond.<\/p>\n<p>Les prix sont corrects et les assiettes sont bien garnies.<\/p>\n<p>Lydie a choisi le filet de sandre avec \u00e9pinard et pommes de terre et j&rsquo;ai pris un cordon bleu avec croquettes de pommes de terre. Tout cela \u00e9tait d\u00e9licieux.<\/p>\n<h2>Promenade vers le sud<\/h2>\n<p>Comme il n&rsquo;y a plus grand-chose \u00e0 faire sur notre haut-plateau, nous d\u00e9cidons de prendre le bus en direction de <em>Waldshut<\/em>, c&rsquo;est au bord du <em>Rhin<\/em> qui fait la fronti\u00e8re avec la <em>Suisse<\/em>.<\/p>\n<p>La vieille ville est une longue et large rue pi\u00e9tonne ferm\u00e9e par deux tours avec les p\u00e8res de la ville. Cela ressemble beaucoup \u00e0 <em>Stein-am-Rhein<\/em> que nous avons visit\u00e9e l&rsquo;ann\u00e9e derni\u00e8re.<\/p>\n<div id=\"attachment_667\" style=\"width: 1010px\" class=\"wp-caption aligncenter\"><img loading=\"lazy\" decoding=\"async\" aria-describedby=\"caption-attachment-667\" src=\"https:\/\/uppg.org\/wordpress\/wp-content\/uploads\/2015\/07\/vac_Allemagne_24072015_IMG_1319-088_blog.jpg\" alt=\"Waldshut\" width=\"1000\" height=\"666\" class=\"size-full wp-image-667\" srcset=\"https:\/\/uppg.org\/wordpress\/wp-content\/uploads\/2015\/07\/vac_Allemagne_24072015_IMG_1319-088_blog.jpg 1000w, https:\/\/uppg.org\/wordpress\/wp-content\/uploads\/2015\/07\/vac_Allemagne_24072015_IMG_1319-088_blog-300x200.jpg 300w\" sizes=\"(max-width: 1000px) 100vw, 1000px\" \/><p id=\"caption-attachment-667\" class=\"wp-caption-text\">]<a href=\"https:\/\/uppg.org\/wordpress\/wp-content\/uploads\/2015\/07\/vac_Allemagne_24072015_IMG_1319-088_blog.jpg\">15<\/a> Waldshut<\/p><\/div>\n<p>En plus nous avons trouv\u00e9 un grand magasin qui vendait des produits meilleur march\u00e9 qu&rsquo;en Suisse.<\/p>\n<p>Retour \u00e0 <em>H\u00f6chenschwand<\/em> en bus, petite frayeur en arrivant \u00e0 la maison, mon porte-monnaie n&rsquo;est pas \u00e0 sa place habituelle dans mon sac-banane, apr\u00e8s quelques minutes, je me souviens que j&rsquo;ai d\u00fb pr\u00e9senter mon billet au chauffeur et que je me suis assis rapidement, j&rsquo;ai gliss\u00e9 mon porte-monnaie dans mon sac \u00e0 dos. \u00c9motion, nous sommes content de retrouver le porte-monnaie dans le sac.<\/p>\n<p>Dernier jour de piscine avant la rentr\u00e9e. Et retour au restaurant Georgsklause pour un souper en musique. Ce soir c&rsquo;est <em>rumsteak \u00e0 la sauce au poivre<\/em>. D\u00e9licieux! Mais pas de photos.<\/p>\n<p>Rentr\u00e9e \u00e0 l&rsquo;appartement et pr\u00e9paration des bagages pour le d\u00e9part du lendemain.<\/p>\n<h2>Le <strong>GPS<\/strong> en action<\/h2>\n<p>Samedi matin, d\u00e9part pour la maison, mais nous d\u00e9cidons de passer par <em>Sankt-Blasien<\/em> pour aller faire un tour au magasin avant de rentrer. Petit rappel <em>Sankt-Blasien<\/em> est \u00e0 l&rsquo;oppos\u00e9 de notre destination. Nous roulons sans GPS jusque-l\u00e0, nous enclenchons l&rsquo;appareil avant de repartir de la ville.<\/p>\n<p>Premi\u00e8re surprise au dernier rond-point le <strong>GPS<\/strong> indique une autre route que celle que nous aurions prise instinctivement. Nous avons travers\u00e9 le sud de la For\u00eat-Noire en diagonale au lieu de faire un angle droit.<\/p>\n<div id=\"attachment_666\" style=\"width: 1010px\" class=\"wp-caption aligncenter\"><img loading=\"lazy\" decoding=\"async\" aria-describedby=\"caption-attachment-666\" src=\"https:\/\/uppg.org\/wordpress\/wp-content\/uploads\/2015\/07\/vac_Allemagne_25072015_IMG_1363-130_blog.jpg\" alt=\"Laufenbourg, ville fronti\u00e8re sur le Rhin\" width=\"1000\" height=\"666\" class=\"size-full wp-image-666\" srcset=\"https:\/\/uppg.org\/wordpress\/wp-content\/uploads\/2015\/07\/vac_Allemagne_25072015_IMG_1363-130_blog.jpg 1000w, https:\/\/uppg.org\/wordpress\/wp-content\/uploads\/2015\/07\/vac_Allemagne_25072015_IMG_1363-130_blog-300x200.jpg 300w\" sizes=\"(max-width: 1000px) 100vw, 1000px\" \/><p id=\"caption-attachment-666\" class=\"wp-caption-text\">]<a href=\"https:\/\/uppg.org\/wordpress\/wp-content\/uploads\/2015\/07\/vac_Allemagne_25072015_IMG_1363-130_blog.jpg\">16<\/a> Laufenbourg, ville fronti\u00e8re sur le Rhin<\/p><\/div>\n<p>Pass\u00e9 <em>Laufenburg<\/em>, ville fronti\u00e8re avec un pont enjambant le <em>Rhin<\/em>, le GPS nous averti d&rsquo;un bouchon sur notre parcours pr\u00e9vu, il demande si nous sommes d&rsquo;accord de changer d&rsquo;itin\u00e9raire pour \u00e9viter le bouchon, nous sommes d&rsquo;accord, et \u00e0 <em>Erkingen<\/em> nous sortons de l&rsquo;autoroute et nous passons par la route cantonale. Nous rejoignons notre route initiale \u00e0 <em>Oensingen<\/em> en tombant dans un bouchon\u2026 mais d\u00fb \u00e0 une voiture qui a perdu un porte-v\u00e9lo sur l&rsquo;autoroute 2 km plus loin, incident qui n&rsquo;a pas fait de d\u00e9g\u00e2ts, mais un gros ralentissement\u2026<\/p>\n<p>En d\u00e9finitive nous sommes content de l&rsquo;achat de notre <strong>GPS Tomtom Via 135<\/strong>, bien que nous ne l&rsquo;avons pas utilis\u00e9 en Allemagne, parce que nous avons fait tous nos grands d\u00e9placements en car.<\/p>\n<p>Je tire mon chapeau \u00e0 tous ceux qui sont arriv\u00e9s au bout de ma prose.<\/p>\n<p>A+ LePalou<\/p>\n","protected":false},"excerpt":{"rendered":"<p>Premier jour des vacances, premier jour de pluie, mais pas une petite pluie, un orage et des trombes d&rsquo;eau \u00e0 ne pas voir au travers. Apr\u00e8s avoir pass\u00e9 le tunnel de Belchen la pluie s&rsquo;est calm\u00e9e. Nous sommes arriv\u00e9s dans les temps \u00e0 l&rsquo;EuroAirport de B\u00e2le-Mulhouse pour d\u00e9poser Jo\u00ebl qui devait prendre son avion pour [&hellip;]<\/p>\n","protected":false},"author":1,"featured_media":0,"comment_status":"open","ping_status":"open","sticky":false,"template":"","format":"standard","meta":{"footnotes":""},"categories":[4,12,23],"tags":[],"_links":{"self":[{"href":"https:\/\/uppg.org\/wordpress\/index.php?rest_route=\/wp\/v2\/posts\/663"}],"collection":[{"href":"https:\/\/uppg.org\/wordpress\/index.php?rest_route=\/wp\/v2\/posts"}],"about":[{"href":"https:\/\/uppg.org\/wordpress\/index.php?rest_route=\/wp\/v2\/types\/post"}],"author":[{"embeddable":true,"href":"https:\/\/uppg.org\/wordpress\/index.php?rest_route=\/wp\/v2\/users\/1"}],"replies":[{"embeddable":true,"href":"https:\/\/uppg.org\/wordpress\/index.php?rest_route=%2Fwp%2Fv2%2Fcomments&post=663"}],"version-history":[{"count":12,"href":"https:\/\/uppg.org\/wordpress\/index.php?rest_route=\/wp\/v2\/posts\/663\/revisions"}],"predecessor-version":[{"id":693,"href":"https:\/\/uppg.org\/wordpress\/index.php?rest_route=\/wp\/v2\/posts\/663\/revisions\/693"}],"wp:attachment":[{"href":"https:\/\/uppg.org\/wordpress\/index.php?rest_route=%2Fwp%2Fv2%2Fmedia&parent=663"}],"wp:term":[{"taxonomy":"category","embeddable":true,"href":"https:\/\/uppg.org\/wordpress\/index.php?rest_route=%2Fwp%2Fv2%2Fcategories&post=663"},{"taxonomy":"post_tag","embeddable":true,"href":"https:\/\/uppg.org\/wordpress\/index.php?rest_route=%2Fwp%2Fv2%2Ftags&post=663"}],"curies":[{"name":"wp","href":"https:\/\/api.w.org\/{rel}","templated":true}]}}