{"id":751,"date":"2015-09-14T22:08:37","date_gmt":"2015-09-14T20:08:37","guid":{"rendered":"http:\/\/uppg.org\/wordpress\/?p=751"},"modified":"2015-09-14T22:08:53","modified_gmt":"2015-09-14T20:08:53","slug":"concerts-2015","status":"publish","type":"post","link":"https:\/\/uppg.org\/wordpress\/?p=751","title":{"rendered":"Concerts 2015"},"content":{"rendered":"<p>Cette ann\u00e9e je me suis pay\u00e9 quelques places de concert, <a href=\"http:\/\/www.uppg.org\/koken\/albums\/concerts\/\">voir les photos<\/a>, <strong>Muse<\/strong> en juin \u00e0 Bienne, <strong>DimiTRIgenerations<\/strong> au <em>Th\u00e9\u00e2tre municipal de Bienne<\/em>, <strong>Status Quo<\/strong> au <em>Hallenstadion<\/em>. Bon, pourquoi aller jusqu&rsquo;\u00e0 Zurich pour voir le <strong>Quo<\/strong> alors qu&rsquo;il vient au <a href=\"http:\/\/www.chantdugros.ch\/\"><strong><em>Chant de Gros<\/em><\/strong><\/a> deux jours avant?<br \/>\nBonne question, j&rsquo;ai achet\u00e9 les billets pour Zurich bien avant de conna\u00eetre la programmation du <strong>Chantdu<\/strong>, et je n&rsquo;ai pas r\u00e9ussi \u00e0 les revendre, donc samedi soir direction Zurich.<br \/>\nMais avant cela on est parti en p\u00e8lerinage \u00e0 la caserne de Drognens derri\u00e8re la halle de gymnastique, \u00e0 l&rsquo;endroit o\u00f9 j&rsquo;ai r\u00e9cup\u00e9r\u00e9 mes chaussures ressemel\u00e9es \u00e0 deux heures du matin, il y a 33 ans&#8230;<\/p>\n<div id=\"attachment_753\" style=\"width: 1010px\" class=\"wp-caption aligncenter\"><a href=\"https:\/\/uppg.org\/wordpress\/wp-content\/uploads\/2015\/09\/Journ\u00e9e_parents_12092015_DSC_5619-110_blog.jpg\"><img loading=\"lazy\" decoding=\"async\" aria-describedby=\"caption-attachment-753\" src=\"https:\/\/uppg.org\/wordpress\/wp-content\/uploads\/2015\/09\/Journ\u00e9e_parents_12092015_DSC_5619-110_blog.jpg\" alt=\"Mes souliers \u00e9taient l\u00e0...\" width=\"1000\" height=\"664\" class=\"size-full wp-image-753\" srcset=\"https:\/\/uppg.org\/wordpress\/wp-content\/uploads\/2015\/09\/Journ\u00e9e_parents_12092015_DSC_5619-110_blog.jpg 1000w, https:\/\/uppg.org\/wordpress\/wp-content\/uploads\/2015\/09\/Journ\u00e9e_parents_12092015_DSC_5619-110_blog-300x199.jpg 300w\" sizes=\"(max-width: 1000px) 100vw, 1000px\" \/><\/a><p id=\"caption-attachment-753\" class=\"wp-caption-text\">Mes souliers \u00e9taient l\u00e0&#8230;<\/p><\/div>\n<blockquote><p>\n  Marche de nuit, <em>Romont\u2013Drognens<\/em> et retour, avec tous les Romands de la compagnie, parce que les ordres ont \u00e9t\u00e9 baragouin\u00e9s en <em>schwitzerdutsch<\/em> par un sergent-major born\u00e9\u2026<\/p>\n<p>  Pour la petite histoire on a fait le voyage aller en voiture, pris par deux colonels qui rentraient d&rsquo;une s\u00e9ance.<br \/>\n  Le sergent-major a fait le trajet en v\u00e9lo avec une remorque avec nos souliers\u2026\n<\/p><\/blockquote>\n<p>Le voyage \u00e0 <em>Drognens<\/em> c&rsquo;est dans le cadre de la journ\u00e9e des parents de l&rsquo;\u00e9cole de recrue transport. Jerry conduit les camions de l&rsquo;arm\u00e9e.<\/p>\n<p>D\u00e9monstration d&rsquo;\u00e9cole de section, voyage en Duro sur un terrain accident\u00e9, changement de pneu et montage de chaine.<\/p>\n<p><a href=\"https:\/\/uppg.org\/wordpress\/wp-content\/uploads\/2015\/09\/Journ\u00e9e_parents_12092015_DSCN3342-229_blog.jpg\"><img loading=\"lazy\" decoding=\"async\" src=\"https:\/\/uppg.org\/wordpress\/wp-content\/uploads\/2015\/09\/Journ\u00e9e_parents_12092015_DSCN3342-229_blog.jpg\" alt=\"Journ\u00e9e_parents_12092015_DSCN3342-229_blog\" width=\"1000\" height=\"750\" class=\"aligncenter size-full wp-image-754\" srcset=\"https:\/\/uppg.org\/wordpress\/wp-content\/uploads\/2015\/09\/Journ\u00e9e_parents_12092015_DSCN3342-229_blog.jpg 1000w, https:\/\/uppg.org\/wordpress\/wp-content\/uploads\/2015\/09\/Journ\u00e9e_parents_12092015_DSCN3342-229_blog-300x225.jpg 300w\" sizes=\"(max-width: 1000px) 100vw, 1000px\" \/><\/a><\/p>\n<p><a href=\"https:\/\/uppg.org\/wordpress\/wp-content\/uploads\/2015\/09\/Journ\u00e9e_parents_12092015_DSCN3201-088_blog.jpg\"><img loading=\"lazy\" decoding=\"async\" src=\"https:\/\/uppg.org\/wordpress\/wp-content\/uploads\/2015\/09\/Journ\u00e9e_parents_12092015_DSCN3201-088_blog.jpg\" alt=\"Journ\u00e9e_parents_12092015_DSCN3201-088_blog\" width=\"1000\" height=\"750\" class=\"aligncenter size-full wp-image-755\" srcset=\"https:\/\/uppg.org\/wordpress\/wp-content\/uploads\/2015\/09\/Journ\u00e9e_parents_12092015_DSCN3201-088_blog.jpg 1000w, https:\/\/uppg.org\/wordpress\/wp-content\/uploads\/2015\/09\/Journ\u00e9e_parents_12092015_DSCN3201-088_blog-300x225.jpg 300w\" sizes=\"(max-width: 1000px) 100vw, 1000px\" \/><\/a><\/p>\n<p>Photos du concert de <strong>Status Quo<\/strong> au <em>Hallenstadion<\/em> de <em>Zurich<\/em>.<\/p>\n<p><a href=\"https:\/\/uppg.org\/wordpress\/wp-content\/uploads\/2015\/09\/status_quo_12092015_IMG_1674-015_blog.jpg\"><img loading=\"lazy\" decoding=\"async\" src=\"https:\/\/uppg.org\/wordpress\/wp-content\/uploads\/2015\/09\/status_quo_12092015_IMG_1674-015_blog.jpg\" alt=\"status_quo_12092015_IMG_1674-015_blog\" width=\"1000\" height=\"563\" class=\"aligncenter size-full wp-image-757\" srcset=\"https:\/\/uppg.org\/wordpress\/wp-content\/uploads\/2015\/09\/status_quo_12092015_IMG_1674-015_blog.jpg 1000w, https:\/\/uppg.org\/wordpress\/wp-content\/uploads\/2015\/09\/status_quo_12092015_IMG_1674-015_blog-300x169.jpg 300w\" sizes=\"(max-width: 1000px) 100vw, 1000px\" \/><\/a><\/p>\n<p><a href=\"https:\/\/uppg.org\/wordpress\/wp-content\/uploads\/2015\/09\/status_quo_12092015_IMG_1683-021_blog.jpg\"><img loading=\"lazy\" decoding=\"async\" src=\"https:\/\/uppg.org\/wordpress\/wp-content\/uploads\/2015\/09\/status_quo_12092015_IMG_1683-021_blog.jpg\" alt=\"status_quo_12092015_IMG_1683-021_blog\" width=\"1000\" height=\"563\" class=\"aligncenter size-full wp-image-756\" srcset=\"https:\/\/uppg.org\/wordpress\/wp-content\/uploads\/2015\/09\/status_quo_12092015_IMG_1683-021_blog.jpg 1000w, https:\/\/uppg.org\/wordpress\/wp-content\/uploads\/2015\/09\/status_quo_12092015_IMG_1683-021_blog-300x169.jpg 300w\" sizes=\"(max-width: 1000px) 100vw, 1000px\" \/><\/a><\/p>\n<p>et encore merci au GPS qui nous a guid\u00e9s jusque l\u00e0-bas et nous a ramen\u00e9s \u00e0 bon port.<\/p>\n<p>A+<\/p>\n<p>LePalou<\/p>\n","protected":false},"excerpt":{"rendered":"<p>Cette ann\u00e9e je me suis pay\u00e9 quelques places de concert, voir les photos, Muse en juin \u00e0 Bienne, DimiTRIgenerations au Th\u00e9\u00e2tre municipal de Bienne, Status Quo au Hallenstadion. Bon, pourquoi aller jusqu&rsquo;\u00e0 Zurich pour voir le Quo alors qu&rsquo;il vient au Chant de Gros deux jours avant? Bonne question, j&rsquo;ai achet\u00e9 les billets pour Zurich [&hellip;]<\/p>\n","protected":false},"author":1,"featured_media":0,"comment_status":"open","ping_status":"open","sticky":false,"template":"","format":"standard","meta":{"footnotes":""},"categories":[21,4],"tags":[],"_links":{"self":[{"href":"https:\/\/uppg.org\/wordpress\/index.php?rest_route=\/wp\/v2\/posts\/751"}],"collection":[{"href":"https:\/\/uppg.org\/wordpress\/index.php?rest_route=\/wp\/v2\/posts"}],"about":[{"href":"https:\/\/uppg.org\/wordpress\/index.php?rest_route=\/wp\/v2\/types\/post"}],"author":[{"embeddable":true,"href":"https:\/\/uppg.org\/wordpress\/index.php?rest_route=\/wp\/v2\/users\/1"}],"replies":[{"embeddable":true,"href":"https:\/\/uppg.org\/wordpress\/index.php?rest_route=%2Fwp%2Fv2%2Fcomments&post=751"}],"version-history":[{"count":9,"href":"https:\/\/uppg.org\/wordpress\/index.php?rest_route=\/wp\/v2\/posts\/751\/revisions"}],"predecessor-version":[{"id":765,"href":"https:\/\/uppg.org\/wordpress\/index.php?rest_route=\/wp\/v2\/posts\/751\/revisions\/765"}],"wp:attachment":[{"href":"https:\/\/uppg.org\/wordpress\/index.php?rest_route=%2Fwp%2Fv2%2Fmedia&parent=751"}],"wp:term":[{"taxonomy":"category","embeddable":true,"href":"https:\/\/uppg.org\/wordpress\/index.php?rest_route=%2Fwp%2Fv2%2Fcategories&post=751"},{"taxonomy":"post_tag","embeddable":true,"href":"https:\/\/uppg.org\/wordpress\/index.php?rest_route=%2Fwp%2Fv2%2Ftags&post=751"}],"curies":[{"name":"wp","href":"https:\/\/api.w.org\/{rel}","templated":true}]}}