{"id":805,"date":"2015-11-02T20:17:23","date_gmt":"2015-11-02T19:17:23","guid":{"rendered":"http:\/\/uppg.org\/wordpress\/?p=805"},"modified":"2015-11-02T20:17:23","modified_gmt":"2015-11-02T19:17:23","slug":"ziebelemarit-bienne","status":"publish","type":"post","link":"https:\/\/uppg.org\/wordpress\/?p=805","title":{"rendered":"Ziebelem\u00e4rit Bienne"},"content":{"rendered":"<p>Comme la ville est bilingue, tout le monde parle du <em>Ziebelem\u00e4rit<\/em> pour le march\u00e9 aux oignons qui a lieu le dernier samedi d&rsquo;octobre sur la place du March\u00e9-Neuf, \u00e0 Bienne. On trouve tous les l\u00e9gumes de saison, les pommes, de la soupe aux lentilles, des savonnettes, des fleurs.<\/p>\n<p>A neuf heures, il y a d\u00e9j\u00e0 pas mal de monde qui d\u00e9ambulent entre les all\u00e9es des marchands, mais c&rsquo;est vers onze heures qu&rsquo;il y a la grosse affluence.<\/p>\n<p>C&rsquo;est l&rsquo;occasion de d\u00e9guster un pain \u00e0 l&rsquo;ail sur le march\u00e9 ou un ramequin aux oignons et au fromage chez le <em><a href=\"http:\/\/www.bisa.ch\/points-de-vente\/le-panetier\/le-panetier-bienne\/\">Panetier<\/a><\/em> d&rsquo;en face\u2026<\/p>\n<p><a href=\"https:\/\/uppg.org\/wordpress\/wp-content\/uploads\/2015\/11\/zwiebelem\u00e4rit_31102015_DSC_5735-015_blog.jpg\"><img loading=\"lazy\" decoding=\"async\" src=\"https:\/\/uppg.org\/wordpress\/wp-content\/uploads\/2015\/11\/zwiebelem\u00e4rit_31102015_DSC_5735-015_blog.jpg\" alt=\"zwiebelem\u00e4rit_31102015_DSC_5735-015_blog\" width=\"664\" height=\"1000\" class=\"aligncenter size-full wp-image-812\" srcset=\"https:\/\/uppg.org\/wordpress\/wp-content\/uploads\/2015\/11\/zwiebelem\u00e4rit_31102015_DSC_5735-015_blog.jpg 664w, https:\/\/uppg.org\/wordpress\/wp-content\/uploads\/2015\/11\/zwiebelem\u00e4rit_31102015_DSC_5735-015_blog-199x300.jpg 199w\" sizes=\"(max-width: 664px) 100vw, 664px\" \/><\/a><\/p>\n<p><a href=\"https:\/\/uppg.org\/wordpress\/wp-content\/uploads\/2015\/11\/zwiebelem\u00e4rit_31102015_DSC_5765-045_blog.jpg\"><img loading=\"lazy\" decoding=\"async\" src=\"https:\/\/uppg.org\/wordpress\/wp-content\/uploads\/2015\/11\/zwiebelem\u00e4rit_31102015_DSC_5765-045_blog.jpg\" alt=\"zwiebelem\u00e4rit_31102015_DSC_5765-045_blog\" width=\"1000\" height=\"664\" class=\"aligncenter size-full wp-image-820\" srcset=\"https:\/\/uppg.org\/wordpress\/wp-content\/uploads\/2015\/11\/zwiebelem\u00e4rit_31102015_DSC_5765-045_blog.jpg 1000w, https:\/\/uppg.org\/wordpress\/wp-content\/uploads\/2015\/11\/zwiebelem\u00e4rit_31102015_DSC_5765-045_blog-300x199.jpg 300w\" sizes=\"(max-width: 1000px) 100vw, 1000px\" \/><\/a><\/p>\n<p><a href=\"https:\/\/uppg.org\/wordpress\/wp-content\/uploads\/2015\/11\/zwiebelem\u00e4rit_31102015_DSC_5738-018_blog.jpg\"><img loading=\"lazy\" decoding=\"async\" src=\"https:\/\/uppg.org\/wordpress\/wp-content\/uploads\/2015\/11\/zwiebelem\u00e4rit_31102015_DSC_5738-018_blog.jpg\" alt=\"zwiebelem\u00e4rit_31102015_DSC_5738-018_blog\" width=\"664\" height=\"1000\" class=\"aligncenter size-full wp-image-808\" srcset=\"https:\/\/uppg.org\/wordpress\/wp-content\/uploads\/2015\/11\/zwiebelem\u00e4rit_31102015_DSC_5738-018_blog.jpg 664w, https:\/\/uppg.org\/wordpress\/wp-content\/uploads\/2015\/11\/zwiebelem\u00e4rit_31102015_DSC_5738-018_blog-199x300.jpg 199w\" sizes=\"(max-width: 664px) 100vw, 664px\" \/><\/a><\/p>\n<p>Les autres photos de cette ann\u00e9e sont <a href=\"http:\/\/www.uppg.org\/koken\/albums\/zwiebelemaerit-bienne\/\">ici<\/a><\/p>\n<p>A+<br \/>\nLePalou<\/p>\n","protected":false},"excerpt":{"rendered":"<p>Comme la ville est bilingue, tout le monde parle du Ziebelem\u00e4rit pour le march\u00e9 aux oignons qui a lieu le dernier samedi d&rsquo;octobre sur la place du March\u00e9-Neuf, \u00e0 Bienne. On trouve tous les l\u00e9gumes de saison, les pommes, de la soupe aux lentilles, des savonnettes, des fleurs. A neuf heures, il y a d\u00e9j\u00e0 [&hellip;]<\/p>\n","protected":false},"author":1,"featured_media":0,"comment_status":"open","ping_status":"open","sticky":false,"template":"","format":"standard","meta":{"footnotes":""},"categories":[12],"tags":[],"_links":{"self":[{"href":"https:\/\/uppg.org\/wordpress\/index.php?rest_route=\/wp\/v2\/posts\/805"}],"collection":[{"href":"https:\/\/uppg.org\/wordpress\/index.php?rest_route=\/wp\/v2\/posts"}],"about":[{"href":"https:\/\/uppg.org\/wordpress\/index.php?rest_route=\/wp\/v2\/types\/post"}],"author":[{"embeddable":true,"href":"https:\/\/uppg.org\/wordpress\/index.php?rest_route=\/wp\/v2\/users\/1"}],"replies":[{"embeddable":true,"href":"https:\/\/uppg.org\/wordpress\/index.php?rest_route=%2Fwp%2Fv2%2Fcomments&post=805"}],"version-history":[{"count":14,"href":"https:\/\/uppg.org\/wordpress\/index.php?rest_route=\/wp\/v2\/posts\/805\/revisions"}],"predecessor-version":[{"id":825,"href":"https:\/\/uppg.org\/wordpress\/index.php?rest_route=\/wp\/v2\/posts\/805\/revisions\/825"}],"wp:attachment":[{"href":"https:\/\/uppg.org\/wordpress\/index.php?rest_route=%2Fwp%2Fv2%2Fmedia&parent=805"}],"wp:term":[{"taxonomy":"category","embeddable":true,"href":"https:\/\/uppg.org\/wordpress\/index.php?rest_route=%2Fwp%2Fv2%2Fcategories&post=805"},{"taxonomy":"post_tag","embeddable":true,"href":"https:\/\/uppg.org\/wordpress\/index.php?rest_route=%2Fwp%2Fv2%2Ftags&post=805"}],"curies":[{"name":"wp","href":"https:\/\/api.w.org\/{rel}","templated":true}]}}