{"id":827,"date":"2015-11-17T21:07:21","date_gmt":"2015-11-17T20:07:21","guid":{"rendered":"http:\/\/uppg.org\/wordpress\/?p=827"},"modified":"2015-11-18T19:18:38","modified_gmt":"2015-11-18T18:18:38","slug":"mise-a-jour","status":"publish","type":"post","link":"https:\/\/uppg.org\/wordpress\/?p=827","title":{"rendered":"Mise \u00e0 jour"},"content":{"rendered":"<p>Une humeur un peu plus technique pour mes nombreux lecteurs qui se pressent au portillon de mon blogue.<\/p>\n<p>L&rsquo;ann\u00e9e pass\u00e9e, j&rsquo;ai attendu un peu trop longtemps avant de passer au nouveau syst\u00e8me d&rsquo;exploitation du Mac, <em>Maverick<\/em>, mais le jour de la sortie de <em>Yosemite<\/em>, <strong>plus d&rsquo;installateur<\/strong> de <em>Maverick<\/em> sur le site d&rsquo;Apple&#8230; GRRR&#8230;<\/p>\n<p><a href=\"https:\/\/uppg.org\/wordpress\/wp-content\/uploads\/2015\/11\/copie_decran_maverick.jpg\"><img loading=\"lazy\" decoding=\"async\" src=\"https:\/\/uppg.org\/wordpress\/wp-content\/uploads\/2015\/11\/copie_decran_maverick.jpg\" alt=\"copie_decran_maverick\" width=\"1120\" height=\"678\" class=\"aligncenter size-full wp-image-831\" srcset=\"https:\/\/uppg.org\/wordpress\/wp-content\/uploads\/2015\/11\/copie_decran_maverick.jpg 1120w, https:\/\/uppg.org\/wordpress\/wp-content\/uploads\/2015\/11\/copie_decran_maverick-300x182.jpg 300w, https:\/\/uppg.org\/wordpress\/wp-content\/uploads\/2015\/11\/copie_decran_maverick-1024x620.jpg 1024w\" sizes=\"(max-width: 1120px) 100vw, 1120px\" \/><\/a><\/p>\n<p>Cette ann\u00e9e j&rsquo;ai pris les devants, j&rsquo;ai t\u00e9l\u00e9charg\u00e9 le fichier d&rsquo;installation avant que <em>El Capitan<\/em> ne soit lanc\u00e9, en me disant que je l&rsquo;installerai durant l&rsquo;ann\u00e9e en cours.<\/p>\n<p>Mais cela est arriv\u00e9 plus vite que pr\u00e9vu, suite \u00e0 une mise \u00e0 jour de l&rsquo;<em>iPhone<\/em>, je ne retrouve plus mes fichiers synchronis\u00e9s sur le <em>Cloud<\/em><sup id=\"fnref-1\"><a href=\"#fn-1\" rel=\"footnote\">1<\/a><\/sup>.<\/p>\n<p><a href=\"https:\/\/uppg.org\/wordpress\/wp-content\/uploads\/2015\/11\/copie_decran_yosemite.jpg\"><img loading=\"lazy\" decoding=\"async\" src=\"https:\/\/uppg.org\/wordpress\/wp-content\/uploads\/2015\/11\/copie_decran_yosemite.jpg\" alt=\"copie_decran_yosemite\" width=\"599\" height=\"359\" class=\"aligncenter size-full wp-image-830\" srcset=\"https:\/\/uppg.org\/wordpress\/wp-content\/uploads\/2015\/11\/copie_decran_yosemite.jpg 599w, https:\/\/uppg.org\/wordpress\/wp-content\/uploads\/2015\/11\/copie_decran_yosemite-300x180.jpg 300w\" sizes=\"(max-width: 599px) 100vw, 599px\" \/><\/a><\/p>\n<p>Ces deux images sont tir\u00e9es du site <a href=\"http:\/\/www.mac4ever.com\">Mac4ever<\/a><\/p>\n<p>Ce sont <em>iOS 9<\/em> et <em>Yosemite<\/em> qui ont une gestion de <em>Cloud<\/em> diff\u00e9rentes des syst\u00e8mes d&rsquo;exploitation pr\u00e9c\u00e9dents.<\/p>\n<p>Je vous tiendrais au courant de mes p\u00e9r\u00e9grinations informatiques.<\/p>\n<p>Cette nuit la mise \u00e0 jour sur <em>iOS 9.1<\/em> s&rsquo;est faite toute seule&#8230; Sympa au r\u00e9veil tu dois accepter les conditions d&rsquo;utilisation sans avoir le temps de les lire&#8230;<\/p>\n<p>Merci Apple pour le for\u00e7age de main <em>droit direct<\/em> au r\u00e9veil!<\/p>\n<p>La mise \u00e0 jour s&rsquo;est bien d\u00e9roul\u00e9e, l&rsquo;iMac tourne sous <em>Yosemite<\/em> et j&rsquo;ai retrouv\u00e9 mes fichiers dans le <em>Nuage<\/em>.<\/p>\n<p><a href=\"https:\/\/uppg.org\/wordpress\/wp-content\/uploads\/2015\/11\/vac_Allemagne_21072015_IMG_1279-050.jpg\"><img loading=\"lazy\" decoding=\"async\" src=\"https:\/\/uppg.org\/wordpress\/wp-content\/uploads\/2015\/11\/vac_Allemagne_21072015_IMG_1279-050.jpg\" alt=\"vac_Allemagne_21072015_IMG_1279-050\" width=\"4000\" height=\"2664\" class=\"aligncenter size-full wp-image-832\" srcset=\"https:\/\/uppg.org\/wordpress\/wp-content\/uploads\/2015\/11\/vac_Allemagne_21072015_IMG_1279-050.jpg 4000w, https:\/\/uppg.org\/wordpress\/wp-content\/uploads\/2015\/11\/vac_Allemagne_21072015_IMG_1279-050-300x200.jpg 300w, https:\/\/uppg.org\/wordpress\/wp-content\/uploads\/2015\/11\/vac_Allemagne_21072015_IMG_1279-050-1024x682.jpg 1024w\" sizes=\"(max-width: 4000px) 100vw, 4000px\" \/><\/a><\/p>\n<p>A+<\/p>\n<p>LePalou<\/p>\n<div class=\"footnotes\">\n<hr \/>\n<ol>\n<li id=\"fn-1\">\nSyst\u00e8me de stockage qui te permet d&rsquo;avoir des fichiers synchronis\u00e9s sur plusieurs appareils, appell\u00e9 aussi <em>Nuage<\/em> en fran\u00e7ais.&#160;<a href=\"#fnref-1\" rev=\"footnote\">&#8617;<\/a>\n<\/li>\n<\/ol>\n<\/div>\n","protected":false},"excerpt":{"rendered":"<p>Une humeur un peu plus technique pour mes nombreux lecteurs qui se pressent au portillon de mon blogue. L&rsquo;ann\u00e9e pass\u00e9e, j&rsquo;ai attendu un peu trop longtemps avant de passer au nouveau syst\u00e8me d&rsquo;exploitation du Mac, Maverick, mais le jour de la sortie de Yosemite, plus d&rsquo;installateur de Maverick sur le site d&rsquo;Apple&#8230; GRRR&#8230; Cette ann\u00e9e [&hellip;]<\/p>\n","protected":false},"author":1,"featured_media":0,"comment_status":"open","ping_status":"open","sticky":false,"template":"","format":"standard","meta":{"footnotes":""},"categories":[28,8],"tags":[],"_links":{"self":[{"href":"https:\/\/uppg.org\/wordpress\/index.php?rest_route=\/wp\/v2\/posts\/827"}],"collection":[{"href":"https:\/\/uppg.org\/wordpress\/index.php?rest_route=\/wp\/v2\/posts"}],"about":[{"href":"https:\/\/uppg.org\/wordpress\/index.php?rest_route=\/wp\/v2\/types\/post"}],"author":[{"embeddable":true,"href":"https:\/\/uppg.org\/wordpress\/index.php?rest_route=\/wp\/v2\/users\/1"}],"replies":[{"embeddable":true,"href":"https:\/\/uppg.org\/wordpress\/index.php?rest_route=%2Fwp%2Fv2%2Fcomments&post=827"}],"version-history":[{"count":10,"href":"https:\/\/uppg.org\/wordpress\/index.php?rest_route=\/wp\/v2\/posts\/827\/revisions"}],"predecessor-version":[{"id":841,"href":"https:\/\/uppg.org\/wordpress\/index.php?rest_route=\/wp\/v2\/posts\/827\/revisions\/841"}],"wp:attachment":[{"href":"https:\/\/uppg.org\/wordpress\/index.php?rest_route=%2Fwp%2Fv2%2Fmedia&parent=827"}],"wp:term":[{"taxonomy":"category","embeddable":true,"href":"https:\/\/uppg.org\/wordpress\/index.php?rest_route=%2Fwp%2Fv2%2Fcategories&post=827"},{"taxonomy":"post_tag","embeddable":true,"href":"https:\/\/uppg.org\/wordpress\/index.php?rest_route=%2Fwp%2Fv2%2Ftags&post=827"}],"curies":[{"name":"wp","href":"https:\/\/api.w.org\/{rel}","templated":true}]}}