{"id":931,"date":"2016-02-27T21:05:24","date_gmt":"2016-02-27T20:05:24","guid":{"rendered":"http:\/\/uppg.org\/wordpress\/?p=931"},"modified":"2016-02-28T18:01:44","modified_gmt":"2016-02-28T17:01:44","slug":"correspondance-centenaire","status":"publish","type":"post","link":"https:\/\/uppg.org\/wordpress\/?p=931","title":{"rendered":"Correspondance centenaire"},"content":{"rendered":"<p>Je suis passionn\u00e9 par la g\u00e9n\u00e9alogie, j&rsquo;ai \u00e9pluch\u00e9 les photos de famille retrouv\u00e9es dans le grenier de mes beaux-parents, certaines \u00e9taient annot\u00e9es magnifiquement. Cela a permis de mettre un visage sur des noms.&nbsp;<\/p>\n<p>Mon \u00e9pouse a gard\u00e9 pr\u00e9cieusement la correspondance \u00e9chang\u00e9e entre sa grand-m\u00e8re Fanny et son grand-p\u00e8re Joseph depuis leur rencontre jusqu&rsquo;\u00e0 leur mariage.&nbsp;<\/p>\n<p>&nbsp;<a href=\"https:\/\/uppg.org\/wordpress\/wp-content\/uploads\/2016\/02\/img_2046.jpg\"><img decoding=\"async\" src=\"https:\/\/uppg.org\/wordpress\/wp-content\/uploads\/2016\/02\/img_2046.jpg\" alt=\"\"><\/a>&nbsp;<br \/>\nCe qui est int\u00e9ressant, c&rsquo;est qu&rsquo;il est fait mention dans cet \u00e9change de la vie de tous les jours, mais aussi des canons qui grondent \u00e0 la fronti\u00e8re.&nbsp;<\/p>\n<p>&nbsp;<a href=\"https:\/\/uppg.org\/wordpress\/wp-content\/uploads\/2016\/02\/img_2047-1.jpg\"><img decoding=\"async\" src=\"https:\/\/uppg.org\/wordpress\/wp-content\/uploads\/2016\/02\/img_2047-1.jpg\" alt=\"\"><\/a>&nbsp;<br \/>\nLa revue <a href=\"http:\/\/www.aspruj.ch\/spip.php?article18\">L&rsquo;H\u00f4t\u00e2<\/a>, a \u00e9crit un article int\u00e9ressant avec les documents que nous lui avons fournis. Le texte est agr\u00e9ment\u00e9 par d&rsquo;autres photos trouv\u00e9es chez mes beaux-parents concernant le sujet.<br \/>\nA+<\/p>\n<p>LePalou&nbsp;<\/p>\n","protected":false},"excerpt":{"rendered":"<p>Je suis passionn\u00e9 par la g\u00e9n\u00e9alogie, j&rsquo;ai \u00e9pluch\u00e9 les photos de famille retrouv\u00e9es dans le grenier de mes beaux-parents, certaines \u00e9taient annot\u00e9es magnifiquement. Cela a permis de mettre un visage sur des noms.&nbsp; Mon \u00e9pouse a gard\u00e9 pr\u00e9cieusement la correspondance \u00e9chang\u00e9e entre sa grand-m\u00e8re Fanny et son grand-p\u00e8re Joseph depuis leur rencontre jusqu&rsquo;\u00e0 leur mariage.&nbsp; [&hellip;]<\/p>\n","protected":false},"author":1,"featured_media":0,"comment_status":"open","ping_status":"open","sticky":false,"template":"","format":"standard","meta":{"footnotes":""},"categories":[4,30],"tags":[],"_links":{"self":[{"href":"https:\/\/uppg.org\/wordpress\/index.php?rest_route=\/wp\/v2\/posts\/931"}],"collection":[{"href":"https:\/\/uppg.org\/wordpress\/index.php?rest_route=\/wp\/v2\/posts"}],"about":[{"href":"https:\/\/uppg.org\/wordpress\/index.php?rest_route=\/wp\/v2\/types\/post"}],"author":[{"embeddable":true,"href":"https:\/\/uppg.org\/wordpress\/index.php?rest_route=\/wp\/v2\/users\/1"}],"replies":[{"embeddable":true,"href":"https:\/\/uppg.org\/wordpress\/index.php?rest_route=%2Fwp%2Fv2%2Fcomments&post=931"}],"version-history":[{"count":2,"href":"https:\/\/uppg.org\/wordpress\/index.php?rest_route=\/wp\/v2\/posts\/931\/revisions"}],"predecessor-version":[{"id":934,"href":"https:\/\/uppg.org\/wordpress\/index.php?rest_route=\/wp\/v2\/posts\/931\/revisions\/934"}],"wp:attachment":[{"href":"https:\/\/uppg.org\/wordpress\/index.php?rest_route=%2Fwp%2Fv2%2Fmedia&parent=931"}],"wp:term":[{"taxonomy":"category","embeddable":true,"href":"https:\/\/uppg.org\/wordpress\/index.php?rest_route=%2Fwp%2Fv2%2Fcategories&post=931"},{"taxonomy":"post_tag","embeddable":true,"href":"https:\/\/uppg.org\/wordpress\/index.php?rest_route=%2Fwp%2Fv2%2Ftags&post=931"}],"curies":[{"name":"wp","href":"https:\/\/api.w.org\/{rel}","templated":true}]}}