{"id":939,"date":"2016-04-04T23:02:16","date_gmt":"2016-04-04T21:02:16","guid":{"rendered":"http:\/\/uppg.org\/wordpress\/?p=939"},"modified":"2016-04-04T23:02:16","modified_gmt":"2016-04-04T21:02:16","slug":"rhubarbe-et-corse","status":"publish","type":"post","link":"https:\/\/uppg.org\/wordpress\/?p=939","title":{"rendered":"Rhubarbe et Corse"},"content":{"rendered":"<p>Nous voil\u00e0 en vacances, nous avons pass\u00e9 toute la journ\u00e9e au jardin pour d\u00e9sherber et refaire les sentiers avec des copeaux<\/p>\n<p>La rhubarbe des jardins <em>Rheum rhabarbarum<\/em> pousse et voici quelques photos de son <em>\u00e9closion<\/em>.<\/p>\n<p><a href=\"https:\/\/uppg.org\/wordpress\/wp-content\/uploads\/2016\/04\/Jardin_Corg\u00e9_04042016_IMG_2269-005_blog.jpg\" rel=\"attachment wp-att-944\"><img loading=\"lazy\" decoding=\"async\" src=\"https:\/\/uppg.org\/wordpress\/wp-content\/uploads\/2016\/04\/Jardin_Corg\u00e9_04042016_IMG_2269-005_blog.jpg\" alt=\"Jardin_Corg\u00e9_04042016_IMG_2269-005_blog\" width=\"1000\" height=\"666\" class=\"aligncenter size-full wp-image-944\" srcset=\"https:\/\/uppg.org\/wordpress\/wp-content\/uploads\/2016\/04\/Jardin_Corg\u00e9_04042016_IMG_2269-005_blog.jpg 1000w, https:\/\/uppg.org\/wordpress\/wp-content\/uploads\/2016\/04\/Jardin_Corg\u00e9_04042016_IMG_2269-005_blog-300x200.jpg 300w, https:\/\/uppg.org\/wordpress\/wp-content\/uploads\/2016\/04\/Jardin_Corg\u00e9_04042016_IMG_2269-005_blog-768x511.jpg 768w\" sizes=\"(max-width: 1000px) 100vw, 1000px\" \/><\/a><\/p>\n<p><a href=\"https:\/\/uppg.org\/wordpress\/wp-content\/uploads\/2016\/04\/Jardin_Corg\u00e9_04042016_IMG_2275-011_blog.jpg\" rel=\"attachment wp-att-943\"><img loading=\"lazy\" decoding=\"async\" src=\"https:\/\/uppg.org\/wordpress\/wp-content\/uploads\/2016\/04\/Jardin_Corg\u00e9_04042016_IMG_2275-011_blog.jpg\" alt=\"Jardin_Corg\u00e9_04042016_IMG_2275-011_blog\" width=\"666\" height=\"1000\" class=\"aligncenter size-full wp-image-943\" srcset=\"https:\/\/uppg.org\/wordpress\/wp-content\/uploads\/2016\/04\/Jardin_Corg\u00e9_04042016_IMG_2275-011_blog.jpg 666w, https:\/\/uppg.org\/wordpress\/wp-content\/uploads\/2016\/04\/Jardin_Corg\u00e9_04042016_IMG_2275-011_blog-200x300.jpg 200w\" sizes=\"(max-width: 666px) 100vw, 666px\" \/><\/a><\/p>\n<p>Petit rappel, l&rsquo;ann\u00e9e pass\u00e9e \u00e0 la m\u00eame \u00e9poque, nous aurions d\u00fb partir au <em>pays des Corses<\/em>, mais les contr\u00f4leurs a\u00e9riens fran\u00e7ais en ont d\u00e9cid\u00e9 autrement, nous avons \u00e9t\u00e9 averti un jour avant le d\u00e9part, que notre vol \u00e9tait annul\u00e9! Au revoir le <em>pays des Corses<\/em>, nous sommes all\u00e9s au <em>jardin<\/em>&#8230;<\/p>\n<p>Cette ann\u00e9e, nous avons pris les devants, au lieu d&rsquo;aller au <em>pays des Corses<\/em>, c&rsquo;est le contraire qui s&rsquo;est pass\u00e9 c&rsquo;est le <em>paillis d&rsquo;\u00e9corce<\/em> qui est venu au jardin.<\/p>\n<p><a href=\"https:\/\/uppg.org\/wordpress\/wp-content\/uploads\/2016\/04\/Jardin_Corg\u00e9_04042016_IMG_2276-012_blog.jpg\" rel=\"attachment wp-att-942\"><img loading=\"lazy\" decoding=\"async\" src=\"https:\/\/uppg.org\/wordpress\/wp-content\/uploads\/2016\/04\/Jardin_Corg\u00e9_04042016_IMG_2276-012_blog.jpg\" alt=\"Jardin_Corg\u00e9_04042016_IMG_2276-012_blog\" width=\"666\" height=\"1000\" class=\"aligncenter size-full wp-image-942\" srcset=\"https:\/\/uppg.org\/wordpress\/wp-content\/uploads\/2016\/04\/Jardin_Corg\u00e9_04042016_IMG_2276-012_blog.jpg 666w, https:\/\/uppg.org\/wordpress\/wp-content\/uploads\/2016\/04\/Jardin_Corg\u00e9_04042016_IMG_2276-012_blog-200x300.jpg 200w\" sizes=\"(max-width: 666px) 100vw, 666px\" \/><\/a><\/p>\n<p><a href=\"https:\/\/uppg.org\/wordpress\/wp-content\/uploads\/2016\/04\/Jardin_Corg\u00e9_04042016_IMG_2277-013_blog.jpg\" rel=\"attachment wp-att-941\"><img loading=\"lazy\" decoding=\"async\" src=\"https:\/\/uppg.org\/wordpress\/wp-content\/uploads\/2016\/04\/Jardin_Corg\u00e9_04042016_IMG_2277-013_blog.jpg\" alt=\"Jardin_Corg\u00e9_04042016_IMG_2277-013_blog\" width=\"1000\" height=\"666\" class=\"aligncenter size-full wp-image-941\" srcset=\"https:\/\/uppg.org\/wordpress\/wp-content\/uploads\/2016\/04\/Jardin_Corg\u00e9_04042016_IMG_2277-013_blog.jpg 1000w, https:\/\/uppg.org\/wordpress\/wp-content\/uploads\/2016\/04\/Jardin_Corg\u00e9_04042016_IMG_2277-013_blog-300x200.jpg 300w, https:\/\/uppg.org\/wordpress\/wp-content\/uploads\/2016\/04\/Jardin_Corg\u00e9_04042016_IMG_2277-013_blog-768x511.jpg 768w\" sizes=\"(max-width: 1000px) 100vw, 1000px\" \/><\/a><\/p>\n<p>Pour la petite histoire, le paillis d&rsquo;\u00e9corce provient de la <em>For\u00eat Noire<\/em>, destination aussi appr\u00e9ci\u00e9e par votre serviteur.<\/p>\n<p>A+<\/p>\n<p>pour une tarte \u00e0 la rhubarbe<\/p>\n<p>LePalou<\/p>\n","protected":false},"excerpt":{"rendered":"<p>Nous voil\u00e0 en vacances, nous avons pass\u00e9 toute la journ\u00e9e au jardin pour d\u00e9sherber et refaire les sentiers avec des copeaux La rhubarbe des jardins Rheum rhabarbarum pousse et voici quelques photos de son \u00e9closion. Petit rappel, l&rsquo;ann\u00e9e pass\u00e9e \u00e0 la m\u00eame \u00e9poque, nous aurions d\u00fb partir au pays des Corses, mais les contr\u00f4leurs a\u00e9riens [&hellip;]<\/p>\n","protected":false},"author":1,"featured_media":0,"comment_status":"open","ping_status":"open","sticky":false,"template":"","format":"standard","meta":{"footnotes":""},"categories":[4,26],"tags":[],"_links":{"self":[{"href":"https:\/\/uppg.org\/wordpress\/index.php?rest_route=\/wp\/v2\/posts\/939"}],"collection":[{"href":"https:\/\/uppg.org\/wordpress\/index.php?rest_route=\/wp\/v2\/posts"}],"about":[{"href":"https:\/\/uppg.org\/wordpress\/index.php?rest_route=\/wp\/v2\/types\/post"}],"author":[{"embeddable":true,"href":"https:\/\/uppg.org\/wordpress\/index.php?rest_route=\/wp\/v2\/users\/1"}],"replies":[{"embeddable":true,"href":"https:\/\/uppg.org\/wordpress\/index.php?rest_route=%2Fwp%2Fv2%2Fcomments&post=939"}],"version-history":[{"count":8,"href":"https:\/\/uppg.org\/wordpress\/index.php?rest_route=\/wp\/v2\/posts\/939\/revisions"}],"predecessor-version":[{"id":951,"href":"https:\/\/uppg.org\/wordpress\/index.php?rest_route=\/wp\/v2\/posts\/939\/revisions\/951"}],"wp:attachment":[{"href":"https:\/\/uppg.org\/wordpress\/index.php?rest_route=%2Fwp%2Fv2%2Fmedia&parent=939"}],"wp:term":[{"taxonomy":"category","embeddable":true,"href":"https:\/\/uppg.org\/wordpress\/index.php?rest_route=%2Fwp%2Fv2%2Fcategories&post=939"},{"taxonomy":"post_tag","embeddable":true,"href":"https:\/\/uppg.org\/wordpress\/index.php?rest_route=%2Fwp%2Fv2%2Ftags&post=939"}],"curies":[{"name":"wp","href":"https:\/\/api.w.org\/{rel}","templated":true}]}}