{"id":956,"date":"2016-05-07T21:24:57","date_gmt":"2016-05-07T19:24:57","guid":{"rendered":"http:\/\/uppg.org\/wordpress\/?p=956"},"modified":"2016-05-07T21:25:25","modified_gmt":"2016-05-07T19:25:25","slug":"chambre-a-louer-pour-insectes","status":"publish","type":"post","link":"https:\/\/uppg.org\/wordpress\/?p=956","title":{"rendered":"Chambre \u00e0 louer\u2026 pour insectes"},"content":{"rendered":"<p>Depuis cette semaine deux nouveaux h\u00f4tels \u00e0 insectes ont ouvert leurs portes \u00e0 Corg\u00e9mont au lieu-dit Les Brues. Les g\u00e9rants sont sympa, ils s&rsquo;occupent de fournir assez de fleurs \u00e0 polleniser pour ces petites bestioles.<\/p>\n<p><a href=\"https:\/\/uppg.org\/wordpress\/wp-content\/uploads\/2016\/05\/jardin_hotel_05052016_DSC_6518-002_blog.jpg\"><img loading=\"lazy\" decoding=\"async\" src=\"https:\/\/uppg.org\/wordpress\/wp-content\/uploads\/2016\/05\/jardin_hotel_05052016_DSC_6518-002_blog.jpg\" alt=\"jardin_hotel_05052016_DSC_6518-002_blog\" width=\"1000\" height=\"664\" class=\"aligncenter size-full wp-image-966\" srcset=\"https:\/\/uppg.org\/wordpress\/wp-content\/uploads\/2016\/05\/jardin_hotel_05052016_DSC_6518-002_blog.jpg 1000w, https:\/\/uppg.org\/wordpress\/wp-content\/uploads\/2016\/05\/jardin_hotel_05052016_DSC_6518-002_blog-300x199.jpg 300w, https:\/\/uppg.org\/wordpress\/wp-content\/uploads\/2016\/05\/jardin_hotel_05052016_DSC_6518-002_blog-768x510.jpg 768w\" sizes=\"(max-width: 1000px) 100vw, 1000px\" \/><\/a><\/p>\n<p><a href=\"https:\/\/uppg.org\/wordpress\/wp-content\/uploads\/2016\/05\/jardin_hotel_05052016_DSC_6517-001_blog.jpg\"><img loading=\"lazy\" decoding=\"async\" src=\"https:\/\/uppg.org\/wordpress\/wp-content\/uploads\/2016\/05\/jardin_hotel_05052016_DSC_6517-001_blog.jpg\" alt=\"jardin_hotel_05052016_DSC_6517-001_blog\" width=\"664\" height=\"1000\" class=\"aligncenter size-full wp-image-965\" srcset=\"https:\/\/uppg.org\/wordpress\/wp-content\/uploads\/2016\/05\/jardin_hotel_05052016_DSC_6517-001_blog.jpg 664w, https:\/\/uppg.org\/wordpress\/wp-content\/uploads\/2016\/05\/jardin_hotel_05052016_DSC_6517-001_blog-199x300.jpg 199w\" sizes=\"(max-width: 664px) 100vw, 664px\" \/><\/a><\/p>\n<p>C&rsquo;est int\u00e9ressant d&rsquo;observer les all\u00e9es et venues des abeilles de terre, si une chambre est occup\u00e9e par une abeille, c&rsquo;est impossible d&rsquo;entrer, la propri\u00e9taire de la chambre fait savoir qu&rsquo;elle est l\u00e0. La deuxi\u00e8me repart \u00e0 la recherche d&rsquo;une chambre vide.<\/p>\n<p><a href=\"https:\/\/uppg.org\/wordpress\/wp-content\/uploads\/2016\/05\/Fichier-07.05.16-19-30-48.jpeg\"><img loading=\"lazy\" decoding=\"async\" src=\"https:\/\/uppg.org\/wordpress\/wp-content\/uploads\/2016\/05\/Fichier-07.05.16-19-30-48.jpeg\" alt=\"Fichier 07.05.16 19 30 48\" width=\"2100\" height=\"1400\" class=\"aligncenter size-full wp-image-958\" srcset=\"https:\/\/uppg.org\/wordpress\/wp-content\/uploads\/2016\/05\/Fichier-07.05.16-19-30-48.jpeg 2100w, https:\/\/uppg.org\/wordpress\/wp-content\/uploads\/2016\/05\/Fichier-07.05.16-19-30-48-300x200.jpeg 300w, https:\/\/uppg.org\/wordpress\/wp-content\/uploads\/2016\/05\/Fichier-07.05.16-19-30-48-768x512.jpeg 768w, https:\/\/uppg.org\/wordpress\/wp-content\/uploads\/2016\/05\/Fichier-07.05.16-19-30-48-1024x683.jpeg 1024w\" sizes=\"(max-width: 2100px) 100vw, 2100px\" \/><\/a><\/p>\n<p>L&rsquo;offre est assez grande avec avec ces trois h\u00f4tels.<\/p>\n<p><a href=\"https:\/\/uppg.org\/wordpress\/wp-content\/uploads\/2016\/05\/jardin_hotel_05052016_DSC_6556-039_blog.jpg\"><img loading=\"lazy\" decoding=\"async\" src=\"https:\/\/uppg.org\/wordpress\/wp-content\/uploads\/2016\/05\/jardin_hotel_05052016_DSC_6556-039_blog.jpg\" alt=\"jardin_hotel_05052016_DSC_6556-039_blog\" width=\"1000\" height=\"664\" class=\"aligncenter size-full wp-image-964\" srcset=\"https:\/\/uppg.org\/wordpress\/wp-content\/uploads\/2016\/05\/jardin_hotel_05052016_DSC_6556-039_blog.jpg 1000w, https:\/\/uppg.org\/wordpress\/wp-content\/uploads\/2016\/05\/jardin_hotel_05052016_DSC_6556-039_blog-300x199.jpg 300w, https:\/\/uppg.org\/wordpress\/wp-content\/uploads\/2016\/05\/jardin_hotel_05052016_DSC_6556-039_blog-768x510.jpg 768w\" sizes=\"(max-width: 1000px) 100vw, 1000px\" \/><\/a><\/p>\n<p>Un bourdon en plein travail&#8230;<\/p>\n<p>Venez nous visiter, il y a encore de la place pour observer les insectes\u2026<\/p>\n<p>A+<\/p>\n<p>LePalou<\/p>\n","protected":false},"excerpt":{"rendered":"<p>Depuis cette semaine deux nouveaux h\u00f4tels \u00e0 insectes ont ouvert leurs portes \u00e0 Corg\u00e9mont au lieu-dit Les Brues. Les g\u00e9rants sont sympa, ils s&rsquo;occupent de fournir assez de fleurs \u00e0 polleniser pour ces petites bestioles. C&rsquo;est int\u00e9ressant d&rsquo;observer les all\u00e9es et venues des abeilles de terre, si une chambre est occup\u00e9e par une abeille, c&rsquo;est [&hellip;]<\/p>\n","protected":false},"author":1,"featured_media":0,"comment_status":"open","ping_status":"open","sticky":false,"template":"","format":"standard","meta":{"footnotes":""},"categories":[6,26],"tags":[],"_links":{"self":[{"href":"https:\/\/uppg.org\/wordpress\/index.php?rest_route=\/wp\/v2\/posts\/956"}],"collection":[{"href":"https:\/\/uppg.org\/wordpress\/index.php?rest_route=\/wp\/v2\/posts"}],"about":[{"href":"https:\/\/uppg.org\/wordpress\/index.php?rest_route=\/wp\/v2\/types\/post"}],"author":[{"embeddable":true,"href":"https:\/\/uppg.org\/wordpress\/index.php?rest_route=\/wp\/v2\/users\/1"}],"replies":[{"embeddable":true,"href":"https:\/\/uppg.org\/wordpress\/index.php?rest_route=%2Fwp%2Fv2%2Fcomments&post=956"}],"version-history":[{"count":11,"href":"https:\/\/uppg.org\/wordpress\/index.php?rest_route=\/wp\/v2\/posts\/956\/revisions"}],"predecessor-version":[{"id":973,"href":"https:\/\/uppg.org\/wordpress\/index.php?rest_route=\/wp\/v2\/posts\/956\/revisions\/973"}],"wp:attachment":[{"href":"https:\/\/uppg.org\/wordpress\/index.php?rest_route=%2Fwp%2Fv2%2Fmedia&parent=956"}],"wp:term":[{"taxonomy":"category","embeddable":true,"href":"https:\/\/uppg.org\/wordpress\/index.php?rest_route=%2Fwp%2Fv2%2Fcategories&post=956"},{"taxonomy":"post_tag","embeddable":true,"href":"https:\/\/uppg.org\/wordpress\/index.php?rest_route=%2Fwp%2Fv2%2Ftags&post=956"}],"curies":[{"name":"wp","href":"https:\/\/api.w.org\/{rel}","templated":true}]}}