{"id":982,"date":"2016-05-29T19:57:08","date_gmt":"2016-05-29T17:57:08","guid":{"rendered":"http:\/\/uppg.org\/wordpress\/?p=982"},"modified":"2016-05-29T20:22:54","modified_gmt":"2016-05-29T18:22:54","slug":"les-hotels-a-insectes-sont-habites","status":"publish","type":"post","link":"https:\/\/uppg.org\/wordpress\/?p=982","title":{"rendered":"Les h\u00f4tels \u00e0 insectes sont habit\u00e9s&#8230;"},"content":{"rendered":"<p>Les abeilles de terre occupent leurs chambres et amassent de la nourriture pour leur prog\u00e9niture. Les entr\u00e9es des bambous sont bouch\u00e9es pour prot\u00e9ger les \u0153ufs \u00e0 \u00e9clore.<\/p>\n<p><a href=\"https:\/\/uppg.org\/wordpress\/wp-content\/uploads\/2016\/05\/Jardin_Corge_pav_210516_DSC_6607-022_blog.jpg\"><img loading=\"lazy\" decoding=\"async\" src=\"https:\/\/uppg.org\/wordpress\/wp-content\/uploads\/2016\/05\/Jardin_Corge_pav_210516_DSC_6607-022_blog.jpg\" alt=\"Jardin_Corge_pav_210516_DSC_6607-022_blog\" width=\"1000\" height=\"664\" class=\"aligncenter size-full wp-image-980\" srcset=\"https:\/\/uppg.org\/wordpress\/wp-content\/uploads\/2016\/05\/Jardin_Corge_pav_210516_DSC_6607-022_blog.jpg 1000w, https:\/\/uppg.org\/wordpress\/wp-content\/uploads\/2016\/05\/Jardin_Corge_pav_210516_DSC_6607-022_blog-300x199.jpg 300w, https:\/\/uppg.org\/wordpress\/wp-content\/uploads\/2016\/05\/Jardin_Corge_pav_210516_DSC_6607-022_blog-768x510.jpg 768w\" sizes=\"(max-width: 1000px) 100vw, 1000px\" \/><\/a><\/p>\n<p>Dans le jardin tout a pouss\u00e9, aussi les mauvaises herbes, tout est vert.<br \/>\nOn aura pas mal de raisinets<sup id=\"fnref-1\"><a href=\"#fn-1\" rel=\"footnote\">1<\/a><\/sup>, de myrtilles (voir photo en-dessous) et de cassis. Le poirier est beau \u00e0 voir avec toutes ces fleurs, mais les pommiers ont de la peine cette ann\u00e9e.<\/p>\n<p><a href=\"https:\/\/uppg.org\/wordpress\/wp-content\/uploads\/2016\/05\/Jardin_Corge_pav_210516_DSC_6619-034_blog.jpg\"><img loading=\"lazy\" decoding=\"async\" src=\"https:\/\/uppg.org\/wordpress\/wp-content\/uploads\/2016\/05\/Jardin_Corge_pav_210516_DSC_6619-034_blog.jpg\" alt=\"Jardin_Corge_pav_210516_DSC_6619-034_blog\" width=\"1000\" height=\"664\" class=\"aligncenter size-full wp-image-978\" srcset=\"https:\/\/uppg.org\/wordpress\/wp-content\/uploads\/2016\/05\/Jardin_Corge_pav_210516_DSC_6619-034_blog.jpg 1000w, https:\/\/uppg.org\/wordpress\/wp-content\/uploads\/2016\/05\/Jardin_Corge_pav_210516_DSC_6619-034_blog-300x199.jpg 300w, https:\/\/uppg.org\/wordpress\/wp-content\/uploads\/2016\/05\/Jardin_Corge_pav_210516_DSC_6619-034_blog-768x510.jpg 768w\" sizes=\"(max-width: 1000px) 100vw, 1000px\" \/><\/a><\/p>\n<p>Voici une sorte de ciboule de Chine pr\u00eate \u00e0 fleurir. A confirmer&#8230; selon les feuilles.<\/p>\n<p><a href=\"https:\/\/uppg.org\/wordpress\/wp-content\/uploads\/2016\/05\/Jardin_Corge_pav_210516_DSC_6630-045_blog.jpg\"><img loading=\"lazy\" decoding=\"async\" src=\"https:\/\/uppg.org\/wordpress\/wp-content\/uploads\/2016\/05\/Jardin_Corge_pav_210516_DSC_6630-045_blog.jpg\" alt=\"Jardin_Corge_pav_210516_DSC_6630-045_blog\" width=\"1000\" height=\"664\" class=\"aligncenter size-full wp-image-977\" srcset=\"https:\/\/uppg.org\/wordpress\/wp-content\/uploads\/2016\/05\/Jardin_Corge_pav_210516_DSC_6630-045_blog.jpg 1000w, https:\/\/uppg.org\/wordpress\/wp-content\/uploads\/2016\/05\/Jardin_Corge_pav_210516_DSC_6630-045_blog-300x199.jpg 300w, https:\/\/uppg.org\/wordpress\/wp-content\/uploads\/2016\/05\/Jardin_Corge_pav_210516_DSC_6630-045_blog-768x510.jpg 768w\" sizes=\"(max-width: 1000px) 100vw, 1000px\" \/><\/a><\/p>\n<p>A+<br \/>\nLePalou<\/p>\n<div class=\"footnotes\">\n<hr \/>\n<ol>\n<li id=\"fn-1\">\nterme qui d\u00e9signe les <a href=\"https:\/\/fr.m.wikipedia.org\/wiki\/Groseille\">groseilles rouges<\/a> dans nos contr\u00e9es&#160;<a href=\"#fnref-1\" rev=\"footnote\">&#8617;<\/a>\n<\/li>\n<\/ol>\n<\/div>\n","protected":false},"excerpt":{"rendered":"<p>Les abeilles de terre occupent leurs chambres et amassent de la nourriture pour leur prog\u00e9niture. Les entr\u00e9es des bambous sont bouch\u00e9es pour prot\u00e9ger les \u0153ufs \u00e0 \u00e9clore. Dans le jardin tout a pouss\u00e9, aussi les mauvaises herbes, tout est vert. On aura pas mal de raisinets1, de myrtilles (voir photo en-dessous) et de cassis. Le [&hellip;]<\/p>\n","protected":false},"author":1,"featured_media":0,"comment_status":"open","ping_status":"open","sticky":false,"template":"","format":"standard","meta":{"footnotes":""},"categories":[6,26],"tags":[],"_links":{"self":[{"href":"https:\/\/uppg.org\/wordpress\/index.php?rest_route=\/wp\/v2\/posts\/982"}],"collection":[{"href":"https:\/\/uppg.org\/wordpress\/index.php?rest_route=\/wp\/v2\/posts"}],"about":[{"href":"https:\/\/uppg.org\/wordpress\/index.php?rest_route=\/wp\/v2\/types\/post"}],"author":[{"embeddable":true,"href":"https:\/\/uppg.org\/wordpress\/index.php?rest_route=\/wp\/v2\/users\/1"}],"replies":[{"embeddable":true,"href":"https:\/\/uppg.org\/wordpress\/index.php?rest_route=%2Fwp%2Fv2%2Fcomments&post=982"}],"version-history":[{"count":12,"href":"https:\/\/uppg.org\/wordpress\/index.php?rest_route=\/wp\/v2\/posts\/982\/revisions"}],"predecessor-version":[{"id":994,"href":"https:\/\/uppg.org\/wordpress\/index.php?rest_route=\/wp\/v2\/posts\/982\/revisions\/994"}],"wp:attachment":[{"href":"https:\/\/uppg.org\/wordpress\/index.php?rest_route=%2Fwp%2Fv2%2Fmedia&parent=982"}],"wp:term":[{"taxonomy":"category","embeddable":true,"href":"https:\/\/uppg.org\/wordpress\/index.php?rest_route=%2Fwp%2Fv2%2Fcategories&post=982"},{"taxonomy":"post_tag","embeddable":true,"href":"https:\/\/uppg.org\/wordpress\/index.php?rest_route=%2Fwp%2Fv2%2Ftags&post=982"}],"curies":[{"name":"wp","href":"https:\/\/api.w.org\/{rel}","templated":true}]}}